{"id":43498,"date":"2016-02-26T18:19:34","date_gmt":"2016-02-26T17:19:34","guid":{"rendered":"http:\/\/2horizontes.com\/?p=43498"},"modified":"2016-02-26T18:19:34","modified_gmt":"2016-02-26T17:19:34","slug":"uruguay-tabare-vazquez-le-pidio-explicaciones-al-vicepresidente-por-el-falso-titulo","status":"publish","type":"post","link":"https:\/\/2horizontes.com\/?p=43498","title":{"rendered":"Uruguay: Tabar\u00e9 V\u00e1zquez le pidi\u00f3 explicaciones al vicepresidente por el falso t\u00edtulo"},"content":{"rendered":"<p><strong>Uruguay<\/strong><\/p>\n<p>El primer mandatario de Uruguay, <b>Tabar\u00e9 V\u00e1zquez<\/b>, pidi\u00f3 explicaciones al vicepresidente del pa\u00eds, <b>Ra\u00fal Sendic<\/b>, sobre su condici\u00f3n de licenciado universitario, que <b>se puso en duda el mi\u00e9rcoles<\/b> al declarar que nunca complet\u00f3 una carrera, public\u00f3 el peri\u00f3dico local <i>La Diaria<\/i>.<\/p>\n<p>Seg\u00fan el matutino, que cita fuentes de la Presidencia del Gobierno, <b>V\u00e1zquez llam\u00f3 por tel\u00e9fono a Sendic<\/b> y le manifest\u00f3 \u00ab<b>su malestar y preocupaci\u00f3n<\/b>\u00bb por el hecho de que se cuestionara que el vicepresidente <b>no es licenciado en Gen\u00e9tica Humana<\/b>, como figura en algunos de sus curr\u00edculos oficiales, como el del sector pol\u00edtico al que pertenece en el seno de la coalici\u00f3n Frente Amplio (FA).<\/p>\n<p>\u00ab(V\u00e1zquez) se mostr\u00f3 preocupado porque este hecho <b>pueda afectar la imagen<\/b> del Gobierno y del Frente Amplio\u00bb, escribi\u00f3 <i>La Diaria<\/i>.<\/p>\n<p><span id=\"saysCMSEmphasisga4coaq0b1fc4n29\" class=\"saysCMSEmphasis\">TABAR\u00c9 V\u00c1ZQUEZ LLAM\u00d3 POR TEL\u00c9FONO A SU VICEPRESIDENTE<\/span><\/p>\n<p>La pol\u00e9mica salt\u00f3 este mi\u00e9rcoles cuando Sendic respondi\u00f3 que \u00ab<b>nunca<\/b>\u00bb concluy\u00f3 una carrera universitaria de cuatro o m\u00e1s a\u00f1os en Gen\u00e9tica Humana a una pregunta de una periodista del diario local <i>El Observador<\/i>.<\/p>\n<p>Por contra, Sendic afirm\u00f3 haber cursado una \u00ab<b>preparaci\u00f3n para investigador<\/b>\u00bb en gen\u00e9tica de cara a poder ser docente.<\/p>\n<p>A ra\u00edz de estas declaraciones, <b>se desat\u00f3 una ola de cr\u00edticas<\/b> en el \u00e1mbito pol\u00edtico que <b>ped\u00edan la dimisi\u00f3n de Sendic<\/b> e incluso plantearon hacer una <b>denuncia penal<\/b> en su contra. Adem\u00e1s, se suscitaron <b>multitud de burlas<\/b> en la sociedad a trav\u00e9s de las redes sociales.<\/p>\n<p>En respuesta, Sendic convoc\u00f3 una rueda de prensa y manifest\u00f3 que <b>estudi\u00f3 cinco a\u00f1os<\/b> de Medicina en La Habana y que revalid\u00f3 esas materias cuando regres\u00f3 a Uruguay con la idea de retomar los estudios, pero que <b>no termin\u00f3 la carrera<\/b>.<\/p>\n<p>\u00ab<b>Y nunca dije que la hubiera concluido, ni que fuera m\u00e9dico<\/b>. Hice, mientras tanto, una licenciatura en gen\u00e9tica que curs\u00e9 en La Habana, que no traje y no revalid\u00e9 en nuestro pa\u00eds\u00bb, explic\u00f3 ante los medios de comunicaci\u00f3n.<\/p>\n<p>Asimismo, dijo <b>estar tranquilo<\/b> sobre este asunto y que solicit\u00f3 informaci\u00f3n sobre sus estudios para poder presentarla y que lo har\u00e1 en el momento que sea necesario.<\/p>\n<p>&nbsp;<\/p>\n<p>F. Infobae.<\/p>\n","protected":false},"excerpt":{"rendered":"<p>Uruguay El primer mandatario de Uruguay, Tabar\u00e9 V\u00e1zquez, pidi\u00f3 explicaciones al vicepresidente del pa\u00eds, Ra\u00fal Sendic, sobre su condici\u00f3n de licenciado universitario, que se puso en duda el mi\u00e9rcoles al declarar que nunca complet\u00f3 una carrera, public\u00f3 el peri\u00f3dico local La Diaria. Seg\u00fan el matutino, que cita fuentes de la Presidencia del Gobierno, V\u00e1zquez llam\u00f3 [&hellip;]<\/p>\n","protected":false},"author":7,"featured_media":43499,"comment_status":"open","ping_status":"open","sticky":false,"template":"","format":"standard","meta":{"footnotes":""},"categories":[40,43],"tags":[],"class_list":["post-43498","post","type-post","status-publish","format-standard","has-post-thumbnail","hentry","category-internacionales","category-politica"],"_links":{"self":[{"href":"https:\/\/2horizontes.com\/index.php?rest_route=\/wp\/v2\/posts\/43498","targetHints":{"allow":["GET"]}}],"collection":[{"href":"https:\/\/2horizontes.com\/index.php?rest_route=\/wp\/v2\/posts"}],"about":[{"href":"https:\/\/2horizontes.com\/index.php?rest_route=\/wp\/v2\/types\/post"}],"author":[{"embeddable":true,"href":"https:\/\/2horizontes.com\/index.php?rest_route=\/wp\/v2\/users\/7"}],"replies":[{"embeddable":true,"href":"https:\/\/2horizontes.com\/index.php?rest_route=%2Fwp%2Fv2%2Fcomments&post=43498"}],"version-history":[{"count":1,"href":"https:\/\/2horizontes.com\/index.php?rest_route=\/wp\/v2\/posts\/43498\/revisions"}],"predecessor-version":[{"id":43500,"href":"https:\/\/2horizontes.com\/index.php?rest_route=\/wp\/v2\/posts\/43498\/revisions\/43500"}],"wp:featuredmedia":[{"embeddable":true,"href":"https:\/\/2horizontes.com\/index.php?rest_route=\/wp\/v2\/media\/43499"}],"wp:attachment":[{"href":"https:\/\/2horizontes.com\/index.php?rest_route=%2Fwp%2Fv2%2Fmedia&parent=43498"}],"wp:term":[{"taxonomy":"category","embeddable":true,"href":"https:\/\/2horizontes.com\/index.php?rest_route=%2Fwp%2Fv2%2Fcategories&post=43498"},{"taxonomy":"post_tag","embeddable":true,"href":"https:\/\/2horizontes.com\/index.php?rest_route=%2Fwp%2Fv2%2Ftags&post=43498"}],"curies":[{"name":"wp","href":"https:\/\/api.w.org\/{rel}","templated":true}]}}