{"id":43480,"date":"2016-02-26T17:54:13","date_gmt":"2016-02-26T16:54:13","guid":{"rendered":"http:\/\/2horizontes.com\/?p=43480"},"modified":"2016-02-26T17:54:13","modified_gmt":"2016-02-26T16:54:13","slug":"kerry-dice-que-no-hay-ningun-plan-de-devolver-guantanamo-a-cuba-tras-cierre","status":"publish","type":"post","link":"https:\/\/2horizontes.com\/?p=43480","title":{"rendered":"Kerry dice que no hay \u00abning\u00fan plan\u00bb de devolver Guant\u00e1namo a Cuba tras cierre"},"content":{"rendered":"<div id=\"ArticleAuthorDiv\" class=\"article-body-author\"><b>EFE<\/b><\/div>\n<div id=\"ArticleSourceDiv\" class=\"article-body-author\"><b>Washington<\/b><\/div>\n<div id=\"ArticleBody\">\n<p>El secretario de Estado de EE.UU., John Kerry, reiter\u00f3 ayer que no est\u00e1 al tanto de \u00abning\u00fan plan\u00bb de devolver a Cuba el territorio que ocupa la base naval de Guant\u00e1namo si el Gobierno estadounidense logra cerrar la prisi\u00f3n, y asegur\u00f3 que \u00e9l se opondr\u00eda personalmente a cualquier propuesta en ese sentido.<\/p>\n<p>\u00abNo hay ning\u00fan plan, ninguna conversaci\u00f3n de la que yo sea consciente\u00bb en el Gobierno estadounidense para ese fin, asegur\u00f3 Kerry durante una audiencia ante el Comit\u00e9 de Asuntos Exteriores de la C\u00e1mara de Representantes.<\/p>\n<p>\u00abYo me opondr\u00eda personalmente a eso\u00bb si se propone dentro del equipo de seguridad nacional del presidente de Estados Unidos, Barack Obama, agreg\u00f3 el titular de Exteriores.<\/p>\n<p>El Gobierno cubano ha insistido a lo largo del \u00faltimo a\u00f1o en que el proceso de normalizaci\u00f3n de las relaciones diplom\u00e1ticas no podr\u00e1 completarse hasta que EE.UU. levante el embargo a Cuba y devuelva el territorio que ocupa la base naval estadounidense en Guant\u00e1namo.<\/p>\n<p>Pero Estados Unidos evit\u00f3 incluir el tema de Guant\u00e1namo en las negociaciones para restablecer las relaciones y no ha dado, hasta ahora, ninguna indicaci\u00f3n de estar abierto a devolver el territorio alquilado en la isla.<\/p>\n<p>Este martes, Obama present\u00f3 un nuevo plan para tratar de clausurar la c\u00e1rcel de Guant\u00e1namo mediante el traslado de entre 30 a 60 presos a territorio nacional, un proyecto recibido con rechazo entre la oposici\u00f3n republicana.<\/p>\n<p>Ese mismo d\u00eda, el senador y aspirante presidencial republicano Marco Rubio impuls\u00f3 una propuesta de ley por la que Obama no puede transferir el territorio de la base naval de Guant\u00e1namo a Cuba ni hacer modificaci\u00f3n alguna sin autorizaci\u00f3n del Congreso.<\/p>\n<p>\u00abEl r\u00e9gimen de Castro ya est\u00e1 estafando al pueblo estadounidense y ahora pide la devoluci\u00f3n de la base, que ha sido vital para las operaciones de la Marina y la Guardia Costera en el Caribe durante m\u00e1s de un siglo\u00bb, afirm\u00f3 entonces Rubio.<\/p>\n<p>La base fue establecida en 1898, cuando EE.UU. ocup\u00f3 militarmente Cuba tras vencer a Espa\u00f1a en la guerra hispano-estadounidense; y desde 2002 acoge el penal de Guant\u00e1namo, establecido por el entonces presidente George W. Bush para los detenidos por terrorismo tras los atentados del 11 de septiembre de 2001 en el pa\u00eds norteamericano.<\/p>\n<p>El congresista republicano Dave Trott expres\u00f3 en la audiencia de hoy su preocupaci\u00f3n por el hecho de que un exconvicto de Guant\u00e1namo fuera detenido esta semana en Espa\u00f1a, en referencia a Hamed Abderrahman Ahmed, \u00abHmido\u00bb, acusado de tratar de reclutar a menores ceut\u00edes para su incorporaci\u00f3n a las filas del Estado Isl\u00e1mico (EI).<\/p>\n<p>Trott pregunt\u00f3 a Kerry si, a la luz de esa noticia, sigue pensando que cerrar la prisi\u00f3n de Guant\u00e1namo mantendr\u00e1 seguro a Estados Unidos.<\/p>\n<p>\u00abEstoy convencido de que nos har\u00e1 m\u00e1s seguros, porque ha sido una incre\u00edble herramienta de reclutamiento\u00bb para grupos terroristas como Al Qaeda o el EI, defendi\u00f3 Kerry.<\/p>\n<p>El jefe de la diplomacia estadounidense record\u00f3 que, en los v\u00eddeos en los que decapita a rehenes, el EI suele vestirlos con trajes naranjas de prisionero.<\/p>\n<p>\u00ab\u00bfDe d\u00f3nde cree que sacaron la idea de esos trajes naranjas? La sacaron de Guant\u00e1namo\u00bb, subray\u00f3.<\/p>\n<\/div>\n<div><\/div>\n","protected":false},"excerpt":{"rendered":"<p>EFE Washington El secretario de Estado de EE.UU., John Kerry, reiter\u00f3 ayer que no est\u00e1 al tanto de \u00abning\u00fan plan\u00bb de devolver a Cuba el territorio que ocupa la base naval de Guant\u00e1namo si el Gobierno estadounidense logra cerrar la prisi\u00f3n, y asegur\u00f3 que \u00e9l se opondr\u00eda personalmente a cualquier propuesta en ese sentido. \u00abNo [&hellip;]<\/p>\n","protected":false},"author":7,"featured_media":43481,"comment_status":"open","ping_status":"open","sticky":false,"template":"","format":"standard","meta":{"footnotes":""},"categories":[49,40,43],"tags":[],"class_list":["post-43480","post","type-post","status-publish","format-standard","has-post-thumbnail","hentry","category-cuba","category-internacionales","category-politica"],"_links":{"self":[{"href":"https:\/\/2horizontes.com\/index.php?rest_route=\/wp\/v2\/posts\/43480","targetHints":{"allow":["GET"]}}],"collection":[{"href":"https:\/\/2horizontes.com\/index.php?rest_route=\/wp\/v2\/posts"}],"about":[{"href":"https:\/\/2horizontes.com\/index.php?rest_route=\/wp\/v2\/types\/post"}],"author":[{"embeddable":true,"href":"https:\/\/2horizontes.com\/index.php?rest_route=\/wp\/v2\/users\/7"}],"replies":[{"embeddable":true,"href":"https:\/\/2horizontes.com\/index.php?rest_route=%2Fwp%2Fv2%2Fcomments&post=43480"}],"version-history":[{"count":1,"href":"https:\/\/2horizontes.com\/index.php?rest_route=\/wp\/v2\/posts\/43480\/revisions"}],"predecessor-version":[{"id":43482,"href":"https:\/\/2horizontes.com\/index.php?rest_route=\/wp\/v2\/posts\/43480\/revisions\/43482"}],"wp:featuredmedia":[{"embeddable":true,"href":"https:\/\/2horizontes.com\/index.php?rest_route=\/wp\/v2\/media\/43481"}],"wp:attachment":[{"href":"https:\/\/2horizontes.com\/index.php?rest_route=%2Fwp%2Fv2%2Fmedia&parent=43480"}],"wp:term":[{"taxonomy":"category","embeddable":true,"href":"https:\/\/2horizontes.com\/index.php?rest_route=%2Fwp%2Fv2%2Fcategories&post=43480"},{"taxonomy":"post_tag","embeddable":true,"href":"https:\/\/2horizontes.com\/index.php?rest_route=%2Fwp%2Fv2%2Ftags&post=43480"}],"curies":[{"name":"wp","href":"https:\/\/api.w.org\/{rel}","templated":true}]}}