{"id":43435,"date":"2016-02-26T03:59:16","date_gmt":"2016-02-26T02:59:16","guid":{"rendered":"http:\/\/2horizontes.com\/?p=43435"},"modified":"2016-02-26T03:59:16","modified_gmt":"2016-02-26T02:59:16","slug":"mena-admite-que-olvido-letra-de-sanz-y-pide-comprension-no-me-juzguen-tanto","status":"publish","type":"post","link":"https:\/\/2horizontes.com\/?p=43435","title":{"rendered":"Mena admite que olvid\u00f3 letra de Sanz y pide comprensi\u00f3n: \u00abNo me juzguen tanto\u00bb"},"content":{"rendered":"<div class=\"mce-body mce\">\n<p>Anoche se vivi\u00f3 uno de los momentos m\u00e1s dif\u00edciles de la presente edici\u00f3n del Festival de Vi\u00f1a del Mar, cuando la cantante Javiera Mena subi\u00f3 al escenario de la Quinta Vergara para acompa\u00f1ar al espa\u00f1ol Alejandro Sanz durante la presentaci\u00f3n del tema \u00abCoraz\u00f3n part\u00edo\u00bb.<\/p>\n<p>La int\u00e9rprete de \u00abLuz de piedra de luna\u00bb olvid\u00f3 la popular canci\u00f3n de Sanz, lo cual no fue perdonado por las personas que utilizaron las redes sociales para criticar a la chilena. Mena se refiri\u00f3 a la dif\u00edcil situaci\u00f3n que debi\u00f3 enfrentar a trav\u00e9s de la cuenta oficial de Periscope del certamen, seg\u00fan constat\u00f3 el diario \u00ab<em>Las \u00daltimas Noticias<\/em>\u00ab.<\/p>\n<p>\u00abMe pas\u00f3 algo heavy, no ensayamos. Le di una vuelta (a la canci\u00f3n), estaba arriba y me relaj\u00e9\u00bb, explic\u00f3 la cantante. \u00abEn un momento olvid\u00e9 un poco la letra, debo confesarlo, pero ni se not\u00f3 porque invent\u00e9 otra parecida\u00bb, agreg\u00f3 Mena, quien argument\u00f3 que se hab\u00eda aprendido la canci\u00f3n \u00abde un d\u00eda para otro, as\u00ed que no me juzguen tanto\u00bb. Por su parte, el espa\u00f1ol defendi\u00f3 la colaboraci\u00f3n que realiz\u00f3 la artista nacional: \u00abTuvimos un peque\u00f1o problemita de sonido ah\u00ed, porque esa canci\u00f3n tiene mucha s\u00edncopa y cuando hay rebote es complicado llevarla, pero lo ha hecho de maravilla\u00bb.<\/p>\n<p>Javiera Mena, quien tambi\u00e9n est\u00e1 participando como jurado en el certamen, se presentar\u00e1 el s\u00e1bado en la Quinta Vergara, la misma noche que los reggaetoneros Don Omar y Wisin.<\/p>\n<\/div>\n","protected":false},"excerpt":{"rendered":"<p>Anoche se vivi\u00f3 uno de los momentos m\u00e1s dif\u00edciles de la presente edici\u00f3n del Festival de Vi\u00f1a del Mar, cuando la cantante Javiera Mena subi\u00f3 al escenario de la Quinta Vergara para acompa\u00f1ar al espa\u00f1ol Alejandro Sanz durante la presentaci\u00f3n del tema \u00abCoraz\u00f3n part\u00edo\u00bb. La int\u00e9rprete de \u00abLuz de piedra de luna\u00bb olvid\u00f3 la popular [&hellip;]<\/p>\n","protected":false},"author":13240,"featured_media":43436,"comment_status":"open","ping_status":"open","sticky":false,"template":"","format":"standard","meta":{"footnotes":""},"categories":[1,40],"tags":[],"class_list":["post-43435","post","type-post","status-publish","format-standard","has-post-thumbnail","hentry","category-entretenimiento","category-internacionales"],"_links":{"self":[{"href":"https:\/\/2horizontes.com\/index.php?rest_route=\/wp\/v2\/posts\/43435","targetHints":{"allow":["GET"]}}],"collection":[{"href":"https:\/\/2horizontes.com\/index.php?rest_route=\/wp\/v2\/posts"}],"about":[{"href":"https:\/\/2horizontes.com\/index.php?rest_route=\/wp\/v2\/types\/post"}],"author":[{"embeddable":true,"href":"https:\/\/2horizontes.com\/index.php?rest_route=\/wp\/v2\/users\/13240"}],"replies":[{"embeddable":true,"href":"https:\/\/2horizontes.com\/index.php?rest_route=%2Fwp%2Fv2%2Fcomments&post=43435"}],"version-history":[{"count":1,"href":"https:\/\/2horizontes.com\/index.php?rest_route=\/wp\/v2\/posts\/43435\/revisions"}],"predecessor-version":[{"id":43437,"href":"https:\/\/2horizontes.com\/index.php?rest_route=\/wp\/v2\/posts\/43435\/revisions\/43437"}],"wp:featuredmedia":[{"embeddable":true,"href":"https:\/\/2horizontes.com\/index.php?rest_route=\/wp\/v2\/media\/43436"}],"wp:attachment":[{"href":"https:\/\/2horizontes.com\/index.php?rest_route=%2Fwp%2Fv2%2Fmedia&parent=43435"}],"wp:term":[{"taxonomy":"category","embeddable":true,"href":"https:\/\/2horizontes.com\/index.php?rest_route=%2Fwp%2Fv2%2Fcategories&post=43435"},{"taxonomy":"post_tag","embeddable":true,"href":"https:\/\/2horizontes.com\/index.php?rest_route=%2Fwp%2Fv2%2Ftags&post=43435"}],"curies":[{"name":"wp","href":"https:\/\/api.w.org\/{rel}","templated":true}]}}