{"id":43397,"date":"2016-02-26T02:40:14","date_gmt":"2016-02-26T01:40:14","guid":{"rendered":"http:\/\/2horizontes.com\/?p=43397"},"modified":"2016-02-26T02:41:06","modified_gmt":"2016-02-26T01:41:06","slug":"iran-presentara-showcase-dela-metamorfosis-en-el-centro-cultural-bod","status":"publish","type":"post","link":"https:\/\/2horizontes.com\/?p=43397","title":{"rendered":"Ir\u00e1n presentar\u00e1 ShowCase de\u00bbLa Metamorfosis\u00bb en el Centro Cultural BOD"},"content":{"rendered":"<div class=\"mce-body mce\">\n<p>Caracas.- Luego del lanzamiento digital de \u201cLa Metamorfosis\u201d, Ir\u00e1n, muestra en vivo por primera vez, todos los temas de su nuevo CD. Este pr\u00f3ximo 2 de Marzo en el Centro Cultural BOD, a las 8:00pm. El artista presentar\u00e1 un showcase cargado de buena m\u00fasica, excelente interpretaci\u00f3n y\u00a0 una producci\u00f3n impecable<\/p>\n<p>Para esta ocasi\u00f3n, Ir\u00e1n ha ensamblado un notable conjunto conformado por importantes m\u00fasicos de escena pop \u2013 rock de Venezuela, como V\u00edctor Rodr\u00edguez (teclados), Luis \u201cTafio\u201d Mendez (bajo), Francisco \u201cChewie\u201d Vall\u00e9s (bater\u00eda), H\u00e9ctor Miranda (guitarra el\u00e9ctrica), Daniella Morales (coros) y Marcel D\u00e1vila (percusi\u00f3n); con el que promete un show cargado de energ\u00eda, en el que se interpretar\u00e1n por primera vez, en su totalidad, los temas de \u201cLaMetamorfosis\u201d, adem\u00e1s de otras sorpresas especiales.<\/p>\n<p>Actualmente \u201cLa Metamorfosis\u201d se encuentra disponible en www.cusica.com y en diversas plataformas digitales para su f\u00e1cil adquisici\u00f3n.<\/p>\n<p>Para mayor informaci\u00f3n, ingresa en www.luisiran.com y sigue las redes sociales de IR\u00c1N:<\/p>\n<p>@luisiran en Twitter, Instagram y Snapchat | Facebook: LuisIranMusica<\/p>\n<\/div>\n","protected":false},"excerpt":{"rendered":"<p>Caracas.- Luego del lanzamiento digital de \u201cLa Metamorfosis\u201d, Ir\u00e1n, muestra en vivo por primera vez, todos los temas de su nuevo CD. Este pr\u00f3ximo 2 de Marzo en el Centro Cultural BOD, a las 8:00pm. El artista presentar\u00e1 un showcase cargado de buena m\u00fasica, excelente interpretaci\u00f3n y\u00a0 una producci\u00f3n impecable Para esta ocasi\u00f3n, Ir\u00e1n ha [&hellip;]<\/p>\n","protected":false},"author":13240,"featured_media":43398,"comment_status":"open","ping_status":"open","sticky":false,"template":"","format":"standard","meta":{"footnotes":""},"categories":[1,40],"tags":[],"class_list":["post-43397","post","type-post","status-publish","format-standard","has-post-thumbnail","hentry","category-entretenimiento","category-internacionales"],"_links":{"self":[{"href":"https:\/\/2horizontes.com\/index.php?rest_route=\/wp\/v2\/posts\/43397","targetHints":{"allow":["GET"]}}],"collection":[{"href":"https:\/\/2horizontes.com\/index.php?rest_route=\/wp\/v2\/posts"}],"about":[{"href":"https:\/\/2horizontes.com\/index.php?rest_route=\/wp\/v2\/types\/post"}],"author":[{"embeddable":true,"href":"https:\/\/2horizontes.com\/index.php?rest_route=\/wp\/v2\/users\/13240"}],"replies":[{"embeddable":true,"href":"https:\/\/2horizontes.com\/index.php?rest_route=%2Fwp%2Fv2%2Fcomments&post=43397"}],"version-history":[{"count":2,"href":"https:\/\/2horizontes.com\/index.php?rest_route=\/wp\/v2\/posts\/43397\/revisions"}],"predecessor-version":[{"id":43400,"href":"https:\/\/2horizontes.com\/index.php?rest_route=\/wp\/v2\/posts\/43397\/revisions\/43400"}],"wp:featuredmedia":[{"embeddable":true,"href":"https:\/\/2horizontes.com\/index.php?rest_route=\/wp\/v2\/media\/43398"}],"wp:attachment":[{"href":"https:\/\/2horizontes.com\/index.php?rest_route=%2Fwp%2Fv2%2Fmedia&parent=43397"}],"wp:term":[{"taxonomy":"category","embeddable":true,"href":"https:\/\/2horizontes.com\/index.php?rest_route=%2Fwp%2Fv2%2Fcategories&post=43397"},{"taxonomy":"post_tag","embeddable":true,"href":"https:\/\/2horizontes.com\/index.php?rest_route=%2Fwp%2Fv2%2Ftags&post=43397"}],"curies":[{"name":"wp","href":"https:\/\/api.w.org\/{rel}","templated":true}]}}