{"id":43381,"date":"2016-02-25T19:42:39","date_gmt":"2016-02-25T18:42:39","guid":{"rendered":"http:\/\/2horizontes.com\/?p=43381"},"modified":"2016-02-25T19:42:39","modified_gmt":"2016-02-25T18:42:39","slug":"denuncian-a-una-profesora-acusada-de-atar-a-un-nino-a-una-silla-en-clase","status":"publish","type":"post","link":"https:\/\/2horizontes.com\/?p=43381","title":{"rendered":"Denuncian a una profesora acusada de atar a un ni\u00f1o a una silla en clase"},"content":{"rendered":"<p>Los padres de un ni\u00f1o de ocho a\u00f1os han denunciado en el Juzgado en Chiclana de la Frontera (C\u00e1diz) a una profesora acusada de haber atado al ni\u00f1o en una silla en clase tras recriminarle que no se estaba quieto, seg\u00fan ha confirmado a Europa Press el abogado de la familia.<\/p>\n<p>Asimismo, ha explicado que los hechos denunciados se corresponden al curso pasado, concretamente en el mes de abril, aunque ha sido ahora cuando los padres del alumno han tenido conocimiento de los hechos y lo han puesto en manos de la justicia, que tendr\u00e1 que decidir si abre diligencias previas ante lo denunciado.<\/p>\n<p>Adem\u00e1s, seg\u00fan adelantaba el diario El Mundo, los compa\u00f1eros de clase han corroborado de manera un\u00e1nime los hechos, aportando que no solt\u00f3 al alumno \u201chasta pasado un rato y pese a llorar\u201d por lo que estaba aconteciendo.<\/p>\n<p>Los padres han tenido conocimiento de los hechos a trav\u00e9s de otros padres y de los mismos compa\u00f1eros de clase, ya que el alumno de ocho a\u00f1os no cont\u00f3 lo sucedido al ser advertido \u201cexpresamente por la profesora de que no contara nada\u201d.<\/p>\n","protected":false},"excerpt":{"rendered":"<p>Los padres de un ni\u00f1o de ocho a\u00f1os han denunciado en el Juzgado en Chiclana de la Frontera (C\u00e1diz) a una profesora acusada de haber atado al ni\u00f1o en una silla en clase tras recriminarle que no se estaba quieto, seg\u00fan ha confirmado a Europa Press el abogado de la familia. Asimismo, ha explicado que [&hellip;]<\/p>\n","protected":false},"author":3,"featured_media":43382,"comment_status":"open","ping_status":"open","sticky":false,"template":"","format":"standard","meta":{"footnotes":""},"categories":[85],"tags":[],"class_list":["post-43381","post","type-post","status-publish","format-standard","has-post-thumbnail","hentry","category-espana"],"_links":{"self":[{"href":"https:\/\/2horizontes.com\/index.php?rest_route=\/wp\/v2\/posts\/43381","targetHints":{"allow":["GET"]}}],"collection":[{"href":"https:\/\/2horizontes.com\/index.php?rest_route=\/wp\/v2\/posts"}],"about":[{"href":"https:\/\/2horizontes.com\/index.php?rest_route=\/wp\/v2\/types\/post"}],"author":[{"embeddable":true,"href":"https:\/\/2horizontes.com\/index.php?rest_route=\/wp\/v2\/users\/3"}],"replies":[{"embeddable":true,"href":"https:\/\/2horizontes.com\/index.php?rest_route=%2Fwp%2Fv2%2Fcomments&post=43381"}],"version-history":[{"count":1,"href":"https:\/\/2horizontes.com\/index.php?rest_route=\/wp\/v2\/posts\/43381\/revisions"}],"predecessor-version":[{"id":43383,"href":"https:\/\/2horizontes.com\/index.php?rest_route=\/wp\/v2\/posts\/43381\/revisions\/43383"}],"wp:featuredmedia":[{"embeddable":true,"href":"https:\/\/2horizontes.com\/index.php?rest_route=\/wp\/v2\/media\/43382"}],"wp:attachment":[{"href":"https:\/\/2horizontes.com\/index.php?rest_route=%2Fwp%2Fv2%2Fmedia&parent=43381"}],"wp:term":[{"taxonomy":"category","embeddable":true,"href":"https:\/\/2horizontes.com\/index.php?rest_route=%2Fwp%2Fv2%2Fcategories&post=43381"},{"taxonomy":"post_tag","embeddable":true,"href":"https:\/\/2horizontes.com\/index.php?rest_route=%2Fwp%2Fv2%2Ftags&post=43381"}],"curies":[{"name":"wp","href":"https:\/\/api.w.org\/{rel}","templated":true}]}}