{"id":43296,"date":"2016-02-25T01:53:39","date_gmt":"2016-02-25T00:53:39","guid":{"rendered":"http:\/\/2horizontes.com\/?p=43296"},"modified":"2016-02-25T01:53:39","modified_gmt":"2016-02-25T00:53:39","slug":"reportan-una-herida-en-el-incendio-de-una-planta-de-gas-en-san-jose-de-las-matas","status":"publish","type":"post","link":"https:\/\/2horizontes.com\/?p=43296","title":{"rendered":"Reportan una herida en el incendio de una planta de gas en San Jos\u00e9 de las Matas"},"content":{"rendered":"<div class=\"detalle-texto\">\n<div class=\"text\">\n<p>SAN JOS\u00c9 DE LAS MATAS. Por el incendio en las instalaciones de la envasadora de Gas Licuado de Petr\u00f3leo (GLP) Verdum Gas, en la carretera San Jos\u00e9 de las Matas-El Rubio, reportan hasta el momento una lesionada, que fue trasladada a Santiago.<\/p>\n<p>La herida fue identificada como Felisa Rodr\u00edguez, inspectora de la empresa de Jos\u00e9 Torres, propietario de la planta.<\/p>\n<p>El coronel Ricardo Rosario, jefe de bomberos de Santiago, inform\u00f3 que lograron apagar el fuego, a las 7: 35 de la noche, luego de que penetraron a las instalaciones para buscar las llaves y cerrar el tanque, cuya capacidad es de unos 7 mil galones de GLP.<\/p>\n<p>El incendio comenz\u00f3 pasadas las 4 de la tarde, inmediatamente residentes en lugares cercanos a la planta fueron evacuados.<\/p>\n<\/div>\n<\/div>\n","protected":false},"excerpt":{"rendered":"<p>SAN JOS\u00c9 DE LAS MATAS. Por el incendio en las instalaciones de la envasadora de Gas Licuado de Petr\u00f3leo (GLP) Verdum Gas, en la carretera San Jos\u00e9 de las Matas-El Rubio, reportan hasta el momento una lesionada, que fue trasladada a Santiago. La herida fue identificada como Felisa Rodr\u00edguez, inspectora de la empresa de Jos\u00e9 [&hellip;]<\/p>\n","protected":false},"author":13240,"featured_media":43297,"comment_status":"open","ping_status":"open","sticky":false,"template":"","format":"standard","meta":{"footnotes":""},"categories":[40,44],"tags":[],"class_list":["post-43296","post","type-post","status-publish","format-standard","has-post-thumbnail","hentry","category-internacionales","category-republica-dominicana"],"_links":{"self":[{"href":"https:\/\/2horizontes.com\/index.php?rest_route=\/wp\/v2\/posts\/43296","targetHints":{"allow":["GET"]}}],"collection":[{"href":"https:\/\/2horizontes.com\/index.php?rest_route=\/wp\/v2\/posts"}],"about":[{"href":"https:\/\/2horizontes.com\/index.php?rest_route=\/wp\/v2\/types\/post"}],"author":[{"embeddable":true,"href":"https:\/\/2horizontes.com\/index.php?rest_route=\/wp\/v2\/users\/13240"}],"replies":[{"embeddable":true,"href":"https:\/\/2horizontes.com\/index.php?rest_route=%2Fwp%2Fv2%2Fcomments&post=43296"}],"version-history":[{"count":2,"href":"https:\/\/2horizontes.com\/index.php?rest_route=\/wp\/v2\/posts\/43296\/revisions"}],"predecessor-version":[{"id":43299,"href":"https:\/\/2horizontes.com\/index.php?rest_route=\/wp\/v2\/posts\/43296\/revisions\/43299"}],"wp:featuredmedia":[{"embeddable":true,"href":"https:\/\/2horizontes.com\/index.php?rest_route=\/wp\/v2\/media\/43297"}],"wp:attachment":[{"href":"https:\/\/2horizontes.com\/index.php?rest_route=%2Fwp%2Fv2%2Fmedia&parent=43296"}],"wp:term":[{"taxonomy":"category","embeddable":true,"href":"https:\/\/2horizontes.com\/index.php?rest_route=%2Fwp%2Fv2%2Fcategories&post=43296"},{"taxonomy":"post_tag","embeddable":true,"href":"https:\/\/2horizontes.com\/index.php?rest_route=%2Fwp%2Fv2%2Ftags&post=43296"}],"curies":[{"name":"wp","href":"https:\/\/api.w.org\/{rel}","templated":true}]}}