{"id":43292,"date":"2016-02-24T22:57:41","date_gmt":"2016-02-24T21:57:41","guid":{"rendered":"http:\/\/2horizontes.com\/?p=43292"},"modified":"2016-02-24T22:57:41","modified_gmt":"2016-02-24T21:57:41","slug":"quien-quede-arriba-ese-sera-candidato-del-pld-en-santo-domingo-este","status":"publish","type":"post","link":"https:\/\/2horizontes.com\/?p=43292","title":{"rendered":"\u201cQuien quede arriba, ese ser\u00e1 candidato\u201d, del PLD en Santo Domingo Este"},"content":{"rendered":"<div class=\"detalle-texto\">\n<div class=\"text\">\n<p>SANTO DOMINGO. Tras una reuni\u00f3n con los precandidatos Karen Ricardo y Alfredo Mart\u00ednez, el coordinador de la Comisi\u00f3n Electoral del Partido de la Liberaci\u00f3n Dominicana (PLD), Lidio Cadet, manifest\u00f3 que quien resulte puntero en la pr\u00f3xima encuesta que se realice ser\u00e1 el candidato a alcalde por Santo Domingo Este.<\/p>\n<p>\u201cCuando se den los resultados, quien quede puntero ah\u00ed, no importa el porcentaje, entonces nosotros proclamaremos ganador o ganadora a la persona que resulte\u201d, explic\u00f3.<\/p>\n<p>Cadet indic\u00f3 que para la encuesta pasada se tomaron en cuenta tanto a militantes del PLD como ciudadanos independientes del municipio, por considerar que es importante la opini\u00f3n de los electores.<\/p>\n<p>Ayer, tanto Ricardo como Mart\u00ednez aceptaron la nueva encuesta, pero Domingo Jim\u00e9nez exigi\u00f3 que le den los detalles, tras indicar que hay cuestionamientos a la misma.<\/p>\n<p>La comisi\u00f3n electoral dijo que \u201csin tiempo que perder se realizar\u00e1 una nueva encuesta\u201d para determinar qui\u00e9n de los dos ser\u00e1 el candidato.<\/p>\n<\/div>\n<\/div>\n","protected":false},"excerpt":{"rendered":"<p>SANTO DOMINGO. Tras una reuni\u00f3n con los precandidatos Karen Ricardo y Alfredo Mart\u00ednez, el coordinador de la Comisi\u00f3n Electoral del Partido de la Liberaci\u00f3n Dominicana (PLD), Lidio Cadet, manifest\u00f3 que quien resulte puntero en la pr\u00f3xima encuesta que se realice ser\u00e1 el candidato a alcalde por Santo Domingo Este. \u201cCuando se den los resultados, quien [&hellip;]<\/p>\n","protected":false},"author":13240,"featured_media":43293,"comment_status":"open","ping_status":"open","sticky":false,"template":"","format":"standard","meta":{"footnotes":""},"categories":[40,43,44],"tags":[],"class_list":["post-43292","post","type-post","status-publish","format-standard","has-post-thumbnail","hentry","category-internacionales","category-politica","category-republica-dominicana"],"_links":{"self":[{"href":"https:\/\/2horizontes.com\/index.php?rest_route=\/wp\/v2\/posts\/43292","targetHints":{"allow":["GET"]}}],"collection":[{"href":"https:\/\/2horizontes.com\/index.php?rest_route=\/wp\/v2\/posts"}],"about":[{"href":"https:\/\/2horizontes.com\/index.php?rest_route=\/wp\/v2\/types\/post"}],"author":[{"embeddable":true,"href":"https:\/\/2horizontes.com\/index.php?rest_route=\/wp\/v2\/users\/13240"}],"replies":[{"embeddable":true,"href":"https:\/\/2horizontes.com\/index.php?rest_route=%2Fwp%2Fv2%2Fcomments&post=43292"}],"version-history":[{"count":1,"href":"https:\/\/2horizontes.com\/index.php?rest_route=\/wp\/v2\/posts\/43292\/revisions"}],"predecessor-version":[{"id":43294,"href":"https:\/\/2horizontes.com\/index.php?rest_route=\/wp\/v2\/posts\/43292\/revisions\/43294"}],"wp:featuredmedia":[{"embeddable":true,"href":"https:\/\/2horizontes.com\/index.php?rest_route=\/wp\/v2\/media\/43293"}],"wp:attachment":[{"href":"https:\/\/2horizontes.com\/index.php?rest_route=%2Fwp%2Fv2%2Fmedia&parent=43292"}],"wp:term":[{"taxonomy":"category","embeddable":true,"href":"https:\/\/2horizontes.com\/index.php?rest_route=%2Fwp%2Fv2%2Fcategories&post=43292"},{"taxonomy":"post_tag","embeddable":true,"href":"https:\/\/2horizontes.com\/index.php?rest_route=%2Fwp%2Fv2%2Ftags&post=43292"}],"curies":[{"name":"wp","href":"https:\/\/api.w.org\/{rel}","templated":true}]}}