{"id":43201,"date":"2016-02-24T13:17:20","date_gmt":"2016-02-24T12:17:20","guid":{"rendered":"http:\/\/2horizontes.com\/?p=43201"},"modified":"2016-02-24T13:17:20","modified_gmt":"2016-02-24T12:17:20","slug":"la-fiscalia-pide-4-anos-y-medio-de-carcel-para-el-exalcalde-de-torredembarra","status":"publish","type":"post","link":"https:\/\/2horizontes.com\/?p=43201","title":{"rendered":"La Fiscal\u00eda pide 4 a\u00f1os y medio de c\u00e1rcel para el exalcalde de Torredembarra"},"content":{"rendered":"<p><!--more-->La Fiscal\u00eda Anticorrupci\u00f3n pide 4,5 a\u00f1os de c\u00e1rcel para el exalcalde de Torredembarra, Daniel Masagu\u00e9 (CDC), por el alquiler presuntamente ilegal de dos naves.<\/p>\n<p>El titular del Juzgado n\u00famero 1 de El Vendrell (Tarragona) ha cerrado ya la instrucci\u00f3n de la pieza uno del llamado caso Torredembarra, que deriv\u00f3 posteriormente en el caso del 3% o Petrum, formado en total por siete piezas, la mayor\u00eda secretas.<\/p>\n<p>Esta pieza se centra en el alquiler con derecho a compra de dos naves durante el mandato del exalcalde Daniel Masagu\u00e9, presuntamente a dedo y con informes en contra. Uno de los locales sigue vac\u00edo y sin uso y el otro, tras meses en la misma situaci\u00f3n, se arregl\u00f3 y ahora acoge la comisar\u00eda de la Polic\u00eda Local.<\/p>\n<p>Por esta operaci\u00f3n, el exalcalde, cuatro concejales, la ex interventora, la exjefa de contrataci\u00f3n, el ex arquitecto municipal, el exingeniero, un abogado y dos empresarios locales est\u00e1n acusados de malversaci\u00f3n y prevaricaci\u00f3n.<\/p>\n<p>La Fiscal\u00eda Anticorrupci\u00f3n pide penas de entre tres y cuatro a\u00f1os y medio por el delito continuado de malversaci\u00f3n, cuatro a\u00f1os por malversaci\u00f3n e inhabilitaci\u00f3n especial para el empleo o cargo p\u00fablico de entre cinco y nueve a\u00f1os a los catorce acusados.<\/p>\n<p>En concepto de responsabilidad civil se pide la nulidad de los dos contratos de alquiler y que se devuelva el dinero al consistorio.<\/p>\n<p>Por el local de la calle Garraf -la actual comisar\u00eda- asciende a 222.759,88 euros y por el local de la calle Riera Gai\u00e0, que sigue vac\u00edo y sin usar, 107.708,32 euros que deber\u00e1n devolver las empresas que lo alquilaron.La Fiscal\u00eda tambi\u00e9n pide distintas responsabilidades civiles a los acusados hasta los 330.000 euros.<\/p>\n<p>Seg\u00fan los dos fiscales anticorrupci\u00f3n, Jos\u00e9 Grinda y Fernando Bermejo, los acusados actuaron \u201ca sabiendas\u201d de que los dos contratos eran \u201ctan contrarios a la Ley como la p\u00e9rdida de dinero del Ayuntamiento.<\/p>\n","protected":false},"excerpt":{"rendered":"","protected":false},"author":3,"featured_media":43202,"comment_status":"open","ping_status":"open","sticky":false,"template":"","format":"standard","meta":{"footnotes":""},"categories":[85],"tags":[],"class_list":["post-43201","post","type-post","status-publish","format-standard","has-post-thumbnail","hentry","category-espana"],"_links":{"self":[{"href":"https:\/\/2horizontes.com\/index.php?rest_route=\/wp\/v2\/posts\/43201","targetHints":{"allow":["GET"]}}],"collection":[{"href":"https:\/\/2horizontes.com\/index.php?rest_route=\/wp\/v2\/posts"}],"about":[{"href":"https:\/\/2horizontes.com\/index.php?rest_route=\/wp\/v2\/types\/post"}],"author":[{"embeddable":true,"href":"https:\/\/2horizontes.com\/index.php?rest_route=\/wp\/v2\/users\/3"}],"replies":[{"embeddable":true,"href":"https:\/\/2horizontes.com\/index.php?rest_route=%2Fwp%2Fv2%2Fcomments&post=43201"}],"version-history":[{"count":1,"href":"https:\/\/2horizontes.com\/index.php?rest_route=\/wp\/v2\/posts\/43201\/revisions"}],"predecessor-version":[{"id":43203,"href":"https:\/\/2horizontes.com\/index.php?rest_route=\/wp\/v2\/posts\/43201\/revisions\/43203"}],"wp:featuredmedia":[{"embeddable":true,"href":"https:\/\/2horizontes.com\/index.php?rest_route=\/wp\/v2\/media\/43202"}],"wp:attachment":[{"href":"https:\/\/2horizontes.com\/index.php?rest_route=%2Fwp%2Fv2%2Fmedia&parent=43201"}],"wp:term":[{"taxonomy":"category","embeddable":true,"href":"https:\/\/2horizontes.com\/index.php?rest_route=%2Fwp%2Fv2%2Fcategories&post=43201"},{"taxonomy":"post_tag","embeddable":true,"href":"https:\/\/2horizontes.com\/index.php?rest_route=%2Fwp%2Fv2%2Ftags&post=43201"}],"curies":[{"name":"wp","href":"https:\/\/api.w.org\/{rel}","templated":true}]}}