{"id":43173,"date":"2016-02-24T02:00:18","date_gmt":"2016-02-24T01:00:18","guid":{"rendered":"http:\/\/2horizontes.com\/?p=43173"},"modified":"2016-02-24T02:01:07","modified_gmt":"2016-02-24T01:01:07","slug":"el-grupo-niche-celebra-su-35-aniversario-con-un-concierto-en-hard-rock-cafev","status":"publish","type":"post","link":"https:\/\/2horizontes.com\/?p=43173","title":{"rendered":"El Grupo Niche celebra su 35 aniversario con un concierto en Hard Rock Caf\u00e9"},"content":{"rendered":"<div class=\"detalle-texto\">\n<div class=\"text\">\n<p>SANTO DOMINGO. El Grupo Niche celebra su 35 aniversario, con el estreno de su nuevo videoclip, la canci\u00f3n \u201cEnamorada\u201d antes del concierto que protagonizar\u00e1n este 25 de febrero en Hard Rock Caf\u00e9 Santo Domingo.<\/p>\n<p>Yuri Toro, uno de los vocalistas de la agrupaci\u00f3n colombiana destac\u00f3 el legado de Jairo Valera y agradeci\u00f3 la acogida que siempre han recibido en la Rep\u00fablica Dominicana.<\/p>\n<p>La Embajada de Colombia acreditada en el pa\u00eds le hizo un reconocimiento por el aniversario, en el que resaltaron los valores del que fue el fundador de la agrupaci\u00f3n, el fallecido Jairo Varela.<\/p>\n<p>Los integrantes del Grupo Niche saludaron el movimiento de la salsa que existe en el pa\u00eds y no descartaron que puedan hacer una colaboraci\u00f3n con un exponente del g\u00e9nero dominicano, pero tambi\u00e9n dejaron abierta la posibilidad de grabar con artistas de otras nacionalidades.<\/p>\n<p>La m\u00e1s reciente producci\u00f3n discogr\u00e1fica titulada 35 aniversarios fue estrenada el 22 de octubre del pasado a\u00f1o y cuenta con la direcci\u00f3n del maestro Jos\u00e9 Aguirre.<\/p>\n<p>Adem\u00e1s de Toro, tiene como l\u00edderes a Elvis Magno y Arnold Moreno.<\/p>\n<\/div>\n<\/div>\n","protected":false},"excerpt":{"rendered":"<p>SANTO DOMINGO. El Grupo Niche celebra su 35 aniversario, con el estreno de su nuevo videoclip, la canci\u00f3n \u201cEnamorada\u201d antes del concierto que protagonizar\u00e1n este 25 de febrero en Hard Rock Caf\u00e9 Santo Domingo. Yuri Toro, uno de los vocalistas de la agrupaci\u00f3n colombiana destac\u00f3 el legado de Jairo Valera y agradeci\u00f3 la acogida que [&hellip;]<\/p>\n","protected":false},"author":13240,"featured_media":43174,"comment_status":"open","ping_status":"open","sticky":false,"template":"","format":"standard","meta":{"footnotes":""},"categories":[1,40],"tags":[],"class_list":["post-43173","post","type-post","status-publish","format-standard","has-post-thumbnail","hentry","category-entretenimiento","category-internacionales"],"_links":{"self":[{"href":"https:\/\/2horizontes.com\/index.php?rest_route=\/wp\/v2\/posts\/43173","targetHints":{"allow":["GET"]}}],"collection":[{"href":"https:\/\/2horizontes.com\/index.php?rest_route=\/wp\/v2\/posts"}],"about":[{"href":"https:\/\/2horizontes.com\/index.php?rest_route=\/wp\/v2\/types\/post"}],"author":[{"embeddable":true,"href":"https:\/\/2horizontes.com\/index.php?rest_route=\/wp\/v2\/users\/13240"}],"replies":[{"embeddable":true,"href":"https:\/\/2horizontes.com\/index.php?rest_route=%2Fwp%2Fv2%2Fcomments&post=43173"}],"version-history":[{"count":3,"href":"https:\/\/2horizontes.com\/index.php?rest_route=\/wp\/v2\/posts\/43173\/revisions"}],"predecessor-version":[{"id":43178,"href":"https:\/\/2horizontes.com\/index.php?rest_route=\/wp\/v2\/posts\/43173\/revisions\/43178"}],"wp:featuredmedia":[{"embeddable":true,"href":"https:\/\/2horizontes.com\/index.php?rest_route=\/wp\/v2\/media\/43174"}],"wp:attachment":[{"href":"https:\/\/2horizontes.com\/index.php?rest_route=%2Fwp%2Fv2%2Fmedia&parent=43173"}],"wp:term":[{"taxonomy":"category","embeddable":true,"href":"https:\/\/2horizontes.com\/index.php?rest_route=%2Fwp%2Fv2%2Fcategories&post=43173"},{"taxonomy":"post_tag","embeddable":true,"href":"https:\/\/2horizontes.com\/index.php?rest_route=%2Fwp%2Fv2%2Ftags&post=43173"}],"curies":[{"name":"wp","href":"https:\/\/api.w.org\/{rel}","templated":true}]}}