{"id":43132,"date":"2016-02-23T22:32:53","date_gmt":"2016-02-23T21:32:53","guid":{"rendered":"http:\/\/2horizontes.com\/?p=43132"},"modified":"2016-02-23T22:35:06","modified_gmt":"2016-02-23T21:35:06","slug":"la-fundacion-matias-ramon-mella-en-espana-reconocera-dominicanos-en-exterior","status":"publish","type":"post","link":"https:\/\/2horizontes.com\/?p=43132","title":{"rendered":"La Fundaci\u00f3n Mat\u00edas Ram\u00f3n  Mella en Espa\u00f1a  reconocer\u00e1 dominicanos   en exterior"},"content":{"rendered":"<p>Madrid.-<\/p>\n<p>La Fundaci\u00f3n y Premiaciones Mat\u00edas Ram\u00f3n Mella, la cual lleva m\u00e1s de una d\u00e9cada, entregar\u00e1 reconocimientos a dominicanos en Espa\u00f1a, celebrando el natalicio del padre de la patria, ser\u00e1n reconocidos periodistas, locutores, DJs, dominicanos ejemplares y meritorios<\/p>\n<p>Jueves 25 de Febrero 2016 en Madrid.<\/p>\n<p>La celebraci\u00f3n tendr\u00e1 lugar en la discoteca Deluxe High Class \u00a0en la calle Almansa 21 metro Cuatro Caminos a las 20 horas de la tarde<\/p>\n<p>Cualquier informaci\u00f3n: 34 602 66 19 10<\/p>\n<p>Alfredo Mella Presidente<\/p>\n<p>&nbsp;<\/p>\n<p>&nbsp;<\/p>\n<p>&nbsp;<\/p>\n","protected":false},"excerpt":{"rendered":"<p>Madrid.- La Fundaci\u00f3n y Premiaciones Mat\u00edas Ram\u00f3n Mella, la cual lleva m\u00e1s de una d\u00e9cada, entregar\u00e1 reconocimientos a dominicanos en Espa\u00f1a, celebrando el natalicio del padre de la patria, ser\u00e1n reconocidos periodistas, locutores, DJs, dominicanos ejemplares y meritorios Jueves 25 de Febrero 2016 en Madrid. La celebraci\u00f3n tendr\u00e1 lugar en la discoteca Deluxe High Class [&hellip;]<\/p>\n","protected":false},"author":1,"featured_media":43137,"comment_status":"open","ping_status":"open","sticky":false,"template":"","format":"standard","meta":{"footnotes":""},"categories":[62,46,54],"tags":[],"class_list":["post-43132","post","type-post","status-publish","format-standard","has-post-thumbnail","hentry","category-cultura","category-dominicanos-en-madrid","category-emigrantes"],"_links":{"self":[{"href":"https:\/\/2horizontes.com\/index.php?rest_route=\/wp\/v2\/posts\/43132","targetHints":{"allow":["GET"]}}],"collection":[{"href":"https:\/\/2horizontes.com\/index.php?rest_route=\/wp\/v2\/posts"}],"about":[{"href":"https:\/\/2horizontes.com\/index.php?rest_route=\/wp\/v2\/types\/post"}],"author":[{"embeddable":true,"href":"https:\/\/2horizontes.com\/index.php?rest_route=\/wp\/v2\/users\/1"}],"replies":[{"embeddable":true,"href":"https:\/\/2horizontes.com\/index.php?rest_route=%2Fwp%2Fv2%2Fcomments&post=43132"}],"version-history":[{"count":1,"href":"https:\/\/2horizontes.com\/index.php?rest_route=\/wp\/v2\/posts\/43132\/revisions"}],"predecessor-version":[{"id":43134,"href":"https:\/\/2horizontes.com\/index.php?rest_route=\/wp\/v2\/posts\/43132\/revisions\/43134"}],"wp:featuredmedia":[{"embeddable":true,"href":"https:\/\/2horizontes.com\/index.php?rest_route=\/wp\/v2\/media\/43137"}],"wp:attachment":[{"href":"https:\/\/2horizontes.com\/index.php?rest_route=%2Fwp%2Fv2%2Fmedia&parent=43132"}],"wp:term":[{"taxonomy":"category","embeddable":true,"href":"https:\/\/2horizontes.com\/index.php?rest_route=%2Fwp%2Fv2%2Fcategories&post=43132"},{"taxonomy":"post_tag","embeddable":true,"href":"https:\/\/2horizontes.com\/index.php?rest_route=%2Fwp%2Fv2%2Ftags&post=43132"}],"curies":[{"name":"wp","href":"https:\/\/api.w.org\/{rel}","templated":true}]}}