{"id":43106,"date":"2016-02-23T18:13:57","date_gmt":"2016-02-23T17:13:57","guid":{"rendered":"http:\/\/2horizontes.com\/?p=43106"},"modified":"2016-02-23T18:13:57","modified_gmt":"2016-02-23T17:13:57","slug":"diez-meses-de-carcel-a-un-policia-por-agredir-a-un-arbitro","status":"publish","type":"post","link":"https:\/\/2horizontes.com\/?p=43106","title":{"rendered":"Diez meses de c\u00e1rcel a un polic\u00eda por agredir a un \u00e1rbitro"},"content":{"rendered":"<p>Un hombre de 30 a\u00f1os, A.M., ha aceptado este martes una pena de diez meses de prisi\u00f3n por agredir a un \u00e1rbitro de la categor\u00eda Segunda Regional de Valencia que perdi\u00f3 el bazo y al que tendr\u00e1 que indemnizar adem\u00e1s con 62.000 euros.<\/p>\n<p>Los hechos tuvieron lugar en febrero de 2013, en el campo de Los Silos de Burjassot durante un partido de Segunda Regional, cuando el ahora condenado, miembro de la Polic\u00eda Nacional y entonces jugador del Mislata, propin\u00f3 al colegiado varios pu\u00f1etazos y patadas tras ser expulsado por insultar al \u00e1rbitro.<\/p>\n<p>El \u00e1rbitro, H.G., que en aquel entonces ten\u00eda 17 a\u00f1os, tuvo que ser hospitalizado durante varios d\u00edas y la agresi\u00f3n le provoc\u00f3, entre otras lesiones, la p\u00e9rdida del bazo, que le tuvo que ser extirpado.<\/p>\n<p>Tanto el Mislata como la Federaci\u00f3n de f\u00fatbol de la Comunidad Valenciana expulsaron de manera inmediata al agresor, que fue arrestado y mostr\u00f3 un arrepentimiento inmediato.<\/p>\n<p>Fuentes jur\u00eddicas han indicado a Efe que, por su parte, la Polic\u00eda Nacional le abri\u00f3 un expediente que se resolver\u00eda seg\u00fan la resoluci\u00f3n que se ha acordado este martes.<\/p>\n<p>El fiscal solicitaba inicialmente una pena de cinco a\u00f1os y seis meses de prisi\u00f3n por un delito de lesiones.<\/p>\n<p>Seg\u00fan el acuerdo de conformidad al que han llegado las partes, la v\u00edctima recibir\u00e1 50.000 euros del agresor mientras que los otros 12.000 se destinar\u00e1n a pagar los costes de la hospitalizaci\u00f3n y los tratamientos a los que fue sometido y que asumi\u00f3 la Conselleria de Sanidad<\/p>\n","protected":false},"excerpt":{"rendered":"<p>Un hombre de 30 a\u00f1os, A.M., ha aceptado este martes una pena de diez meses de prisi\u00f3n por agredir a un \u00e1rbitro de la categor\u00eda Segunda Regional de Valencia que perdi\u00f3 el bazo y al que tendr\u00e1 que indemnizar adem\u00e1s con 62.000 euros. Los hechos tuvieron lugar en febrero de 2013, en el campo de [&hellip;]<\/p>\n","protected":false},"author":3,"featured_media":43107,"comment_status":"open","ping_status":"open","sticky":false,"template":"","format":"standard","meta":{"footnotes":""},"categories":[42],"tags":[],"class_list":["post-43106","post","type-post","status-publish","format-standard","has-post-thumbnail","hentry","category-deportes"],"_links":{"self":[{"href":"https:\/\/2horizontes.com\/index.php?rest_route=\/wp\/v2\/posts\/43106","targetHints":{"allow":["GET"]}}],"collection":[{"href":"https:\/\/2horizontes.com\/index.php?rest_route=\/wp\/v2\/posts"}],"about":[{"href":"https:\/\/2horizontes.com\/index.php?rest_route=\/wp\/v2\/types\/post"}],"author":[{"embeddable":true,"href":"https:\/\/2horizontes.com\/index.php?rest_route=\/wp\/v2\/users\/3"}],"replies":[{"embeddable":true,"href":"https:\/\/2horizontes.com\/index.php?rest_route=%2Fwp%2Fv2%2Fcomments&post=43106"}],"version-history":[{"count":1,"href":"https:\/\/2horizontes.com\/index.php?rest_route=\/wp\/v2\/posts\/43106\/revisions"}],"predecessor-version":[{"id":43108,"href":"https:\/\/2horizontes.com\/index.php?rest_route=\/wp\/v2\/posts\/43106\/revisions\/43108"}],"wp:featuredmedia":[{"embeddable":true,"href":"https:\/\/2horizontes.com\/index.php?rest_route=\/wp\/v2\/media\/43107"}],"wp:attachment":[{"href":"https:\/\/2horizontes.com\/index.php?rest_route=%2Fwp%2Fv2%2Fmedia&parent=43106"}],"wp:term":[{"taxonomy":"category","embeddable":true,"href":"https:\/\/2horizontes.com\/index.php?rest_route=%2Fwp%2Fv2%2Fcategories&post=43106"},{"taxonomy":"post_tag","embeddable":true,"href":"https:\/\/2horizontes.com\/index.php?rest_route=%2Fwp%2Fv2%2Ftags&post=43106"}],"curies":[{"name":"wp","href":"https:\/\/api.w.org\/{rel}","templated":true}]}}