{"id":42991,"date":"2016-02-22T20:10:16","date_gmt":"2016-02-22T19:10:16","guid":{"rendered":"http:\/\/2horizontes.com\/?p=42991"},"modified":"2016-02-22T20:11:33","modified_gmt":"2016-02-22T19:11:33","slug":"el-mensaje-que-jesus-chino-miranda-le-envio-a-mario-silva","status":"publish","type":"post","link":"https:\/\/2horizontes.com\/?p=42991","title":{"rendered":"El mensaje que Jes\u00fas \u00abChino\u00bb Miranda le envi\u00f3 a Mario Silva"},"content":{"rendered":"<p>El integrante del d\u00fao Chino y Nacho, Jes\u00fas Miranda, respondi\u00f3 a las acusaciones del conductor de\u00a0<em>La Hojilla<\/em>, Mario Silva, que asegur\u00f3 que\u00a0Miguel Ignacio Mendoza, \u00abNacho\u00bb,\u00a0da\u00f1\u00f3 su pasaporte a prop\u00f3sito para generar un esc\u00e1ndalo medi\u00e1tico.<\/p>\n<p>A trav\u00e9s de su cuenta en Instagram, el cantante mostr\u00f3 la captura de una conversaci\u00f3n que mantuvo por la aplicaci\u00f3n de mensajer\u00eda Whatsapp, en la que se observa que\u00a0\u00a0fue advertido el d\u00eda antes del concierto \u00abUn Grito por la Libertad\u00bb, sobre la detenci\u00f3n de su compa\u00f1ero a su llegada al Aeropuerto Internacional de Maiquet\u00eda.<\/p>\n<p>\u00abEra una &#8216;orden de arriba&#8217; que los j\u00f3venes deb\u00edan cumplir \u00bfQu\u00e9 tal Mario que a las 2:52 am ya sab\u00edamos la orden ?\u00bb, dijo Chino.<\/p>\n<p><strong>Aqu\u00ed el mensaje completo:<\/strong><\/p>\n<p><em>Mientras el personaje de menos credibilidad de el gobierno de Venezuela, Mario Silva,\u00a0\u00a0intenta generar una noticia tan estupida y pat\u00e9tica como que\u00a0@nacholacriatura\u00a0da\u00f1o su pasaporte a prop\u00f3sito para generar un esc\u00e1ndalo medi\u00e1tico, aqu\u00ed le demuestro con este mensaje que a mi llegada a Maiquetia recib\u00ed la noticia que todos en el aeropuerto comentaban, que a Nacho lo iban a retener 2 horas en el aeropuerto y as\u00ed no llegar\u00eda al concierto!!!! Obviamente les avise a nuestro equipo para que estuvieran precavidos. Simple era una \u00aborden de arriba\u00bb que los j\u00f3venes deb\u00edan cumplir&#8230;.. \u00bfQu\u00e9 tal Mario que a las 2:52 am ya sab\u00edamos la orden ?<\/em><\/p>\n","protected":false},"excerpt":{"rendered":"<p>El integrante del d\u00fao Chino y Nacho, Jes\u00fas Miranda, respondi\u00f3 a las acusaciones del conductor de\u00a0La Hojilla, Mario Silva, que asegur\u00f3 que\u00a0Miguel Ignacio Mendoza, \u00abNacho\u00bb,\u00a0da\u00f1\u00f3 su pasaporte a prop\u00f3sito para generar un esc\u00e1ndalo medi\u00e1tico. A trav\u00e9s de su cuenta en Instagram, el cantante mostr\u00f3 la captura de una conversaci\u00f3n que mantuvo por la aplicaci\u00f3n de [&hellip;]<\/p>\n","protected":false},"author":13240,"featured_media":42992,"comment_status":"open","ping_status":"open","sticky":false,"template":"","format":"standard","meta":{"footnotes":""},"categories":[1,40],"tags":[],"class_list":["post-42991","post","type-post","status-publish","format-standard","has-post-thumbnail","hentry","category-entretenimiento","category-internacionales"],"_links":{"self":[{"href":"https:\/\/2horizontes.com\/index.php?rest_route=\/wp\/v2\/posts\/42991","targetHints":{"allow":["GET"]}}],"collection":[{"href":"https:\/\/2horizontes.com\/index.php?rest_route=\/wp\/v2\/posts"}],"about":[{"href":"https:\/\/2horizontes.com\/index.php?rest_route=\/wp\/v2\/types\/post"}],"author":[{"embeddable":true,"href":"https:\/\/2horizontes.com\/index.php?rest_route=\/wp\/v2\/users\/13240"}],"replies":[{"embeddable":true,"href":"https:\/\/2horizontes.com\/index.php?rest_route=%2Fwp%2Fv2%2Fcomments&post=42991"}],"version-history":[{"count":2,"href":"https:\/\/2horizontes.com\/index.php?rest_route=\/wp\/v2\/posts\/42991\/revisions"}],"predecessor-version":[{"id":42994,"href":"https:\/\/2horizontes.com\/index.php?rest_route=\/wp\/v2\/posts\/42991\/revisions\/42994"}],"wp:featuredmedia":[{"embeddable":true,"href":"https:\/\/2horizontes.com\/index.php?rest_route=\/wp\/v2\/media\/42992"}],"wp:attachment":[{"href":"https:\/\/2horizontes.com\/index.php?rest_route=%2Fwp%2Fv2%2Fmedia&parent=42991"}],"wp:term":[{"taxonomy":"category","embeddable":true,"href":"https:\/\/2horizontes.com\/index.php?rest_route=%2Fwp%2Fv2%2Fcategories&post=42991"},{"taxonomy":"post_tag","embeddable":true,"href":"https:\/\/2horizontes.com\/index.php?rest_route=%2Fwp%2Fv2%2Ftags&post=42991"}],"curies":[{"name":"wp","href":"https:\/\/api.w.org\/{rel}","templated":true}]}}