{"id":42976,"date":"2016-02-22T19:49:33","date_gmt":"2016-02-22T18:49:33","guid":{"rendered":"http:\/\/2horizontes.com\/?p=42976"},"modified":"2016-02-22T19:49:33","modified_gmt":"2016-02-22T18:49:33","slug":"el-vicente-calderon-acogera-la-final-de-copa-del-rey-entre-barcelona-y-sevilla","status":"publish","type":"post","link":"https:\/\/2horizontes.com\/?p=42976","title":{"rendered":"El Vicente Calder\u00f3n acoger\u00e1 la final de Copa del Rey entre Barcelona y Sevilla"},"content":{"rendered":"<p>El madrile\u00f1o Vicente Calder\u00f3n, propiedad del Atl\u00e9tico de Madrid, albergar\u00e1 la final de la Copa del Rey de f\u00fatbol 2016, que enfrentar\u00e1 al Barcelona y al Sevilla, el pr\u00f3ximo 22 de mayo, seg\u00fan ha anunciado el club andaluz. La decisi\u00f3n de que el Vicente Calder\u00f3n sea la sede de la final de Copa, ha sido adoptada esta tarde, durante la reuni\u00f3n que la junta directiva de la Real Federaci\u00f3n Espa\u00f1ola de F\u00fatbol ha mantenido en su sede de la Ciudad del F\u00fatbol de Las Rozas (Madrid).<\/p>\n<p>Hasta ahora, el Vicente Calder\u00f3n ha acogido a 12 finales de la Copa del Rey: 1972-73, 1973-74, 1974-75, 1976-77, 1978-79, 1980-81, 1985-86, 1988-89, 1993-94, 2004-05, 2007-08 y 2011-12.<\/p>\n<p>De estas 12 finales, el Barcelona estuvo presente en cuatro de ellas: cay\u00f3 en las de 1973-74, ante el Real Madrid, y 1985-86, frente al Real Zaragoza; mientras alz\u00f3 el trofeo en las de 1980-81, contra el Sporting Gij\u00f3n, y 2011-12, con el Athletic Club Bilbao.<\/p>\n<p>El Sevilla, de las siete finales coperas disputadas, de las que gan\u00f3 cinco, ninguna la ha jugado en el Vicente Calder\u00f3n. Lo hizo, en cambio, en el estadio del \u00abeterno rival\u00bb madrile\u00f1o, el Real Madrid, tanto cuando era Chamart\u00edn (1935), Nuevo Chamart\u00edn (1947-48) y Santiago Bernab\u00e9u (1955, 1961-62, 2006-07).<\/p>\n","protected":false},"excerpt":{"rendered":"<p>El madrile\u00f1o Vicente Calder\u00f3n, propiedad del Atl\u00e9tico de Madrid, albergar\u00e1 la final de la Copa del Rey de f\u00fatbol 2016, que enfrentar\u00e1 al Barcelona y al Sevilla, el pr\u00f3ximo 22 de mayo, seg\u00fan ha anunciado el club andaluz. La decisi\u00f3n de que el Vicente Calder\u00f3n sea la sede de la final de Copa, ha sido [&hellip;]<\/p>\n","protected":false},"author":3,"featured_media":42978,"comment_status":"open","ping_status":"open","sticky":false,"template":"","format":"standard","meta":{"footnotes":""},"categories":[42],"tags":[],"class_list":["post-42976","post","type-post","status-publish","format-standard","has-post-thumbnail","hentry","category-deportes"],"_links":{"self":[{"href":"https:\/\/2horizontes.com\/index.php?rest_route=\/wp\/v2\/posts\/42976","targetHints":{"allow":["GET"]}}],"collection":[{"href":"https:\/\/2horizontes.com\/index.php?rest_route=\/wp\/v2\/posts"}],"about":[{"href":"https:\/\/2horizontes.com\/index.php?rest_route=\/wp\/v2\/types\/post"}],"author":[{"embeddable":true,"href":"https:\/\/2horizontes.com\/index.php?rest_route=\/wp\/v2\/users\/3"}],"replies":[{"embeddable":true,"href":"https:\/\/2horizontes.com\/index.php?rest_route=%2Fwp%2Fv2%2Fcomments&post=42976"}],"version-history":[{"count":1,"href":"https:\/\/2horizontes.com\/index.php?rest_route=\/wp\/v2\/posts\/42976\/revisions"}],"predecessor-version":[{"id":42979,"href":"https:\/\/2horizontes.com\/index.php?rest_route=\/wp\/v2\/posts\/42976\/revisions\/42979"}],"wp:featuredmedia":[{"embeddable":true,"href":"https:\/\/2horizontes.com\/index.php?rest_route=\/wp\/v2\/media\/42978"}],"wp:attachment":[{"href":"https:\/\/2horizontes.com\/index.php?rest_route=%2Fwp%2Fv2%2Fmedia&parent=42976"}],"wp:term":[{"taxonomy":"category","embeddable":true,"href":"https:\/\/2horizontes.com\/index.php?rest_route=%2Fwp%2Fv2%2Fcategories&post=42976"},{"taxonomy":"post_tag","embeddable":true,"href":"https:\/\/2horizontes.com\/index.php?rest_route=%2Fwp%2Fv2%2Ftags&post=42976"}],"curies":[{"name":"wp","href":"https:\/\/api.w.org\/{rel}","templated":true}]}}