{"id":42955,"date":"2016-02-22T17:44:10","date_gmt":"2016-02-22T16:44:10","guid":{"rendered":"http:\/\/2horizontes.com\/?p=42955"},"modified":"2016-02-22T17:44:10","modified_gmt":"2016-02-22T16:44:10","slug":"una-adolescente-es-acusada-de-matar-a-su-hermana-de-diez-anos","status":"publish","type":"post","link":"https:\/\/2horizontes.com\/?p=42955","title":{"rendered":"Una adolescente es acusada de matar a su hermana de diez a\u00f1os"},"content":{"rendered":"<p>Fredrick Matthew Lochridge, una adolescente de 16 a\u00f1os ha sido acusada por el asesinado de su hermana peque\u00f1a Isabella, de 10 a\u00f1os. La peque\u00f1a desapareci\u00f3 un d\u00eda antes de que el cuerpo fuese hallado.<\/p>\n<p>&nbsp;<\/p>\n<p class=\"mce\">La polic\u00eda de Florida acudi\u00f3 el domicilio familiar el domingo. Los padres de la peque\u00f1a llamaron a los agentes despu\u00e9s de que su hija menor despareciese el s\u00e1bado. Tras una b\u00fasqueda por tierra y aire hallaron el cuerpo sin vida de la peque\u00f1a en un terreno cercano a la casa, seg\u00fan ha informado el Sheriff a \u2018 NBC News\u2019.<\/p>\n<p class=\"mce\">Los investigadores arrestaron a su hermana Frederick, de 16 a\u00f1os como sospechosa de haber cometido el asesinato. Este lunes ha sido acusada por un delito de asesinato.<\/p>\n","protected":false},"excerpt":{"rendered":"<p>Fredrick Matthew Lochridge, una adolescente de 16 a\u00f1os ha sido acusada por el asesinado de su hermana peque\u00f1a Isabella, de 10 a\u00f1os. La peque\u00f1a desapareci\u00f3 un d\u00eda antes de que el cuerpo fuese hallado. &nbsp; La polic\u00eda de Florida acudi\u00f3 el domicilio familiar el domingo. Los padres de la peque\u00f1a llamaron a los agentes despu\u00e9s [&hellip;]<\/p>\n","protected":false},"author":4,"featured_media":42958,"comment_status":"open","ping_status":"open","sticky":false,"template":"","format":"standard","meta":{"footnotes":""},"categories":[40],"tags":[],"class_list":["post-42955","post","type-post","status-publish","format-standard","has-post-thumbnail","hentry","category-internacionales"],"_links":{"self":[{"href":"https:\/\/2horizontes.com\/index.php?rest_route=\/wp\/v2\/posts\/42955","targetHints":{"allow":["GET"]}}],"collection":[{"href":"https:\/\/2horizontes.com\/index.php?rest_route=\/wp\/v2\/posts"}],"about":[{"href":"https:\/\/2horizontes.com\/index.php?rest_route=\/wp\/v2\/types\/post"}],"author":[{"embeddable":true,"href":"https:\/\/2horizontes.com\/index.php?rest_route=\/wp\/v2\/users\/4"}],"replies":[{"embeddable":true,"href":"https:\/\/2horizontes.com\/index.php?rest_route=%2Fwp%2Fv2%2Fcomments&post=42955"}],"version-history":[{"count":1,"href":"https:\/\/2horizontes.com\/index.php?rest_route=\/wp\/v2\/posts\/42955\/revisions"}],"predecessor-version":[{"id":42959,"href":"https:\/\/2horizontes.com\/index.php?rest_route=\/wp\/v2\/posts\/42955\/revisions\/42959"}],"wp:featuredmedia":[{"embeddable":true,"href":"https:\/\/2horizontes.com\/index.php?rest_route=\/wp\/v2\/media\/42958"}],"wp:attachment":[{"href":"https:\/\/2horizontes.com\/index.php?rest_route=%2Fwp%2Fv2%2Fmedia&parent=42955"}],"wp:term":[{"taxonomy":"category","embeddable":true,"href":"https:\/\/2horizontes.com\/index.php?rest_route=%2Fwp%2Fv2%2Fcategories&post=42955"},{"taxonomy":"post_tag","embeddable":true,"href":"https:\/\/2horizontes.com\/index.php?rest_route=%2Fwp%2Fv2%2Ftags&post=42955"}],"curies":[{"name":"wp","href":"https:\/\/api.w.org\/{rel}","templated":true}]}}