{"id":42922,"date":"2016-02-22T16:35:56","date_gmt":"2016-02-22T15:35:56","guid":{"rendered":"http:\/\/2horizontes.com\/?p=42922"},"modified":"2016-02-22T17:09:11","modified_gmt":"2016-02-22T16:09:11","slug":"obama-quiere-asegurar-con-historico-viaje-que-no-haya-vuelta-atras-con-cuba","status":"publish","type":"post","link":"https:\/\/2horizontes.com\/?p=42922","title":{"rendered":"Obama quiere asegurar con hist\u00f3rico viaje que no haya vuelta atr\u00e1s con Cuba"},"content":{"rendered":"<p><strong>EFE<\/strong><\/p>\n<div id=\"ArticleSourceDiv\" class=\"article-body-author\"><strong>Washington<\/strong><\/div>\n<div id=\"ArticleBody\">\n<p>El presidente de EE.UU., Barack Obama, quiere asegurarse con su hist\u00f3rico viaje del mes pr\u00f3ximo a La Habana de que no habr\u00e1 vuelta atr\u00e1s en el acercamiento con Cuba y, a la vez, enviar el mensaje de que est\u00e1 \u00aba favor\u00bb del pueblo cubano.<\/p>\n<p>La visita que realizar\u00e1n Obama y su esposa, Michelle, a La Habana el 21 y 22 de marzo llega \u00aben un momento particularmente bueno\u00bb, sostuvo a Efe el exembajador Melvyn Levitsky, actualmente profesor de pol\u00edtica internacional en la Universidad de Michigan.<\/p>\n<p>Levitsky record\u00f3 que se acaba de firmar, esta semana, el acuerdo sobre aviaci\u00f3n civil que permitir\u00e1 una conexi\u00f3n regular de vuelos comerciales entre ambos pa\u00edses, previsiblemente a partir del oto\u00f1o y con un potencial de 110 conexiones diarias de ida y vuelta.<\/p>\n<p>En la misma l\u00ednea, el presidente del centro de estudios Di\u00e1logo Interamericano, Michael Shifter, dijo a Efe que le parece l\u00f3gico que Obama quiera hacer ya la visita a Cuba, con el objetivo de \u00abaprovechar al m\u00e1ximo el tiempo que le queda de mandato\u00bb para profundizar hasta donde sea posible el acercamiento bilateral.<\/p>\n<p>\u00abNo hay otro tema en todo el legado de Obama que tenga tanto apoyo dentro de Estados Unidos\u00bb, coment\u00f3 Shifter sobre la normalizaci\u00f3n con Cuba, una apuesta que, a su juicio, \u00able ha salido muy bien pol\u00edticamente\u00bb.<\/p>\n<p>Shifter cree, por otro lado, que Obama \u00abno va a tener pelos en la lengua\u00bb y va a ser \u00abmuy claro\u00bb durante su visita a la isla sobre la necesidad de mejoras en el respeto a los derechos humanos.<\/p>\n<p>El propio Obama, al anunciar el viaje en su cuenta de Twitter, anticip\u00f3 que todav\u00eda existen \u00abdiferencias\u00bb con el Gobierno cubano y que \u00e9l las abordar\u00e1 \u00abdirectamente\u00bb, mientras que la Casa Blanca ha confirmado que el presidente se reunir\u00e1 con disidentes y miembros de la sociedad civil.<\/p>\n<p>Levitsky y Shifter coincidieron en que la visita de Obama puede tener cierto \u00abimpacto\u00bb en la situaci\u00f3n de los derechos humanos en Cuba.<\/p>\n<p>Incluso, Levitsky afirm\u00f3 que es posible que haya \u00abalg\u00fan movimiento\u00bb por parte de las autoridades cubanas en v\u00edsperas de la visita de Obama y mencion\u00f3 la liberaci\u00f3n de presos pol\u00edticos.<\/p>\n<p>La recepci\u00f3n a Obama por parte de los cubanos \u00abva a ser muy calurosa, con mucho entusiasmo\u00bb, y eso, en alguna medida, puede ayudar a incentivar cierta \u00abapertura\u00bb, seg\u00fan Shifter.<\/p>\n<p>Los cubanos, en general, tienen la impresi\u00f3n de que Obama \u00abquiere hacer algo bueno para el pueblo cubano\u00bb, coment\u00f3 a Efe la antrop\u00f3loga y escritora Ruth Behar, que conoce bien la isla porque, pese a que vive en Estados Unidos desde ni\u00f1a, naci\u00f3 all\u00ed y la visita con frecuencia.<\/p>\n<p>En opini\u00f3n de Behar, el hecho de que Obama vaya a Cuba \u00abes una manera de decir que est\u00e1 a favor del pueblo cubano\u00bb y no al contrario, como afirma uno de los mayores cr\u00edticos de la normalizaci\u00f3n bilateral, el aspirante republicano a la Casa Blanca y senador Marco Rubio.<\/p>\n<p>Rubio y el tambi\u00e9n candidato presidencial Ted Cruz, ambos de origen cubano, han criticado el viaje de Obama a la isla, al igual que el exilio cubano en EE.UU., que lo considera una concesi\u00f3n al Gobierno de Ra\u00fal Castro y cree que contribuir\u00e1 a legitimar su imagen a nivel internacional.<\/p>\n<p>En opini\u00f3n de Shifter, fue la pol\u00edtica de anteriores administraciones estadounidenses de \u00abcastigar y aislar\u00bb a Cuba la que \u00ablegitim\u00f3\u00bb al r\u00e9gimen de los Castro.<\/p>\n<p>En suma, como escribi\u00f3 esta semana Ted Piccone, un experto en Cuba en el centro de estudios Brookings, la visita de Obama a la isla, \u00abque por s\u00ed misma es un paso positivo, deber\u00eda medirse por los resultados concretos de los pr\u00f3ximos nueves meses\u00bb.<\/p>\n<p>Obama, que se convertir\u00e1 en el primer presidente estadounidense en ejercicio que visita Cuba en 88 a\u00f1os, asegur\u00f3 por su parte el pasado jueves ante los periodistas que, al menos, el viaje ser\u00e1 \u00abdivertido\u00bb.<\/p>\n<\/div>\n<div><\/div>\n","protected":false},"excerpt":{"rendered":"<p>EFE Washington El presidente de EE.UU., Barack Obama, quiere asegurarse con su hist\u00f3rico viaje del mes pr\u00f3ximo a La Habana de que no habr\u00e1 vuelta atr\u00e1s en el acercamiento con Cuba y, a la vez, enviar el mensaje de que est\u00e1 \u00aba favor\u00bb del pueblo cubano. La visita que realizar\u00e1n Obama y su esposa, Michelle, [&hellip;]<\/p>\n","protected":false},"author":7,"featured_media":42931,"comment_status":"open","ping_status":"open","sticky":false,"template":"","format":"standard","meta":{"footnotes":""},"categories":[40,43],"tags":[],"class_list":["post-42922","post","type-post","status-publish","format-standard","has-post-thumbnail","hentry","category-internacionales","category-politica"],"_links":{"self":[{"href":"https:\/\/2horizontes.com\/index.php?rest_route=\/wp\/v2\/posts\/42922","targetHints":{"allow":["GET"]}}],"collection":[{"href":"https:\/\/2horizontes.com\/index.php?rest_route=\/wp\/v2\/posts"}],"about":[{"href":"https:\/\/2horizontes.com\/index.php?rest_route=\/wp\/v2\/types\/post"}],"author":[{"embeddable":true,"href":"https:\/\/2horizontes.com\/index.php?rest_route=\/wp\/v2\/users\/7"}],"replies":[{"embeddable":true,"href":"https:\/\/2horizontes.com\/index.php?rest_route=%2Fwp%2Fv2%2Fcomments&post=42922"}],"version-history":[{"count":3,"href":"https:\/\/2horizontes.com\/index.php?rest_route=\/wp\/v2\/posts\/42922\/revisions"}],"predecessor-version":[{"id":42933,"href":"https:\/\/2horizontes.com\/index.php?rest_route=\/wp\/v2\/posts\/42922\/revisions\/42933"}],"wp:featuredmedia":[{"embeddable":true,"href":"https:\/\/2horizontes.com\/index.php?rest_route=\/wp\/v2\/media\/42931"}],"wp:attachment":[{"href":"https:\/\/2horizontes.com\/index.php?rest_route=%2Fwp%2Fv2%2Fmedia&parent=42922"}],"wp:term":[{"taxonomy":"category","embeddable":true,"href":"https:\/\/2horizontes.com\/index.php?rest_route=%2Fwp%2Fv2%2Fcategories&post=42922"},{"taxonomy":"post_tag","embeddable":true,"href":"https:\/\/2horizontes.com\/index.php?rest_route=%2Fwp%2Fv2%2Ftags&post=42922"}],"curies":[{"name":"wp","href":"https:\/\/api.w.org\/{rel}","templated":true}]}}