{"id":42919,"date":"2016-02-22T16:30:25","date_gmt":"2016-02-22T15:30:25","guid":{"rendered":"http:\/\/2horizontes.com\/?p=42919"},"modified":"2016-02-22T16:30:25","modified_gmt":"2016-02-22T15:30:25","slug":"la-casta-de-india-que-para-ser-considerada-inferior-dejo-sin-agua-a-10-millones-de-personas","status":"publish","type":"post","link":"https:\/\/2horizontes.com\/?p=42919","title":{"rendered":"La casta de India que para ser considerada inferior dej\u00f3 sin agua a 10 millones de personas"},"content":{"rendered":"<p class=\"story-body__introduction\">Unos 10 millones de personas se quedaron sin acceso al agua en Delhi, capital de India, tras varios d\u00edas de violentas protestas de miembros de la casta \u00abjat\u00bb, considerada como una de las castas altas del pa\u00eds.<\/p>\n<p>Los manifestantes protestan con un llamativo reclamo: lograr que el gobierno los \u00abdegrade\u00bb y los clasifique como casta desfavorecida.<\/p>\n<p>La raz\u00f3n: as\u00ed podr\u00edan acceder a m\u00e1s puestos de trabajo en el gobierno y a m\u00e1s cupos en las instituciones educativas.<\/p>\n<p>En India existe un sistema de <strong>cuotas de empleo<\/strong> para asegurar el progreso de las castas m\u00e1s desfavorecidas, pero los jat, tradicionalmente poseedores de tierras y relativamente ricos, no est\u00e1n incluidos entre los beneficiarios.<\/p>\n<figure class=\"media-landscape has-caption full-width\"><span class=\"image-and-copyright-container\"><img loading=\"lazy\" decoding=\"async\" class=\"responsive-image__img js-image-replace\" src=\"http:\/\/ichef.bbci.co.uk\/news\/ws\/624\/amz\/worldservice\/live\/assets\/images\/2016\/02\/22\/160222115655_woman_water_624x351_reuters_nocredit.jpg\" alt=\"Woman water\" width=\"624\" height=\"351\" \/>Todav\u00eda se desconoce cu\u00e1ndo volver\u00e1 a la normalidad la red de agua.<\/span><\/figure>\n<p>Varios d\u00edas de protestas en el estado de Haryana, que rodea la mayor parte de Delhi, dejaron <strong>16 muertos y centenares de heridos,<\/strong> le dijo un funcionario indio a la BBC.<\/p>\n<p>Los manifestantes destruyeron parte de la infraestructura del canal de Munak, una de las principales fuentes de agua en Delhi, lo cual gener\u00f3 una crisis de abastecimiento.<\/p>\n<p>Keshav Chandra, autoridad del consejo de aguas de Delhi, le dijo a la BBC que 10 milliones de personas est\u00e1n sin agua.<\/p>\n<p>Las protestas continuaron <strong>a pesar del toque de queda<\/strong> y el env\u00edo del ej\u00e9rcito.<\/p>\n<figure class=\"media-landscape has-caption full-width\"><span class=\"image-and-copyright-container\"><img loading=\"lazy\" decoding=\"async\" class=\"responsive-image__img js-image-replace\" src=\"http:\/\/ichef.bbci.co.uk\/news\/ws\/624\/amz\/worldservice\/live\/assets\/images\/2016\/02\/22\/160222115116_woman_demonstration_624x351_reuters_nocredit.jpg\" alt=\"Woman\" width=\"624\" height=\"351\" \/>Los jat quieren poder acceder a puestos reservados a las castas m\u00e1s bajas.<\/span><\/figure>\n<p>El ej\u00e9rcito ha tomado este lunes control del canal, pero no est\u00e1 claro cu\u00e1nto tiempo tardar\u00e1 en reparar los da\u00f1os en la infraestructura.<\/p>\n<p>Mientras, cientos de tanques de agua est\u00e1n siendo transportados a Delhi y las escuelas est\u00e1n cerradas.<\/p>\n<p>Las protestas mantienen tambi\u00e9n cerradas varias carreteras y est\u00e1n dificultando el transporte.<\/p>\n<h2 class=\"story-body__crosshead\">Disminuci\u00f3n de ingresos<\/h2>\n<figure class=\"media-landscape has-caption body-narrow-width\"><span class=\"image-and-copyright-container\"><img loading=\"lazy\" decoding=\"async\" class=\"responsive-image__img js-image-replace alignleft\" src=\"http:\/\/ichef.bbci.co.uk\/news\/ws\/304\/amz\/worldservice\/live\/assets\/images\/2016\/02\/22\/160222121143_building_304x171_epa_nocredit.jpg\" alt=\"India\" width=\"304\" height=\"171\" \/><\/span>Las protestas causaron da\u00f1os en edificios.<\/figure>\n<p>A pesar de su influencia en la pol\u00edtica y en instituciones como la polic\u00eda, muchos de los 80 millones de jat son agricultores que se enfrentan a complicaciones tras dos a\u00f1os de sequ\u00eda y en un contexto de disminuci\u00f3n de los ingresos agr\u00edcolas.<\/p>\n<p>Adem\u00e1s, los manifestantes consideran que no tienen suficiente acceso a las<strong>oportunidades laborales que ofrecen las ciudades.<\/strong><\/p>\n<ul class=\"story-body__unordered-list\">\n<li class=\"story-body__list-item\">Los miembros de las castas m\u00e1s bajas fueron divididos en <strong>tres categor\u00edas<\/strong> por el gobierno indio como parte de las pol\u00edticas de discriminaci\u00f3n positiva del gobierno para ofrecer cuotas de empleo y en los institutos educativos<\/li>\n<li class=\"story-body__list-item\">Las comunidades categorizadas como \u00abCastas registradas\u00bb son esencialmente las m\u00e1s bajas en el sistema de castas hind\u00fa. Normalmente se conocen como \u00abdalit\u00bb o intocables<\/li>\n<li class=\"story-body__list-item\">Las \u00abTribus registradas\u00bb son personas que viven sobre todo en zonas remotas<\/li>\n<li class=\"story-body__list-item\">Las \u00abOtras Clases Subdesarrolladas\u00bb son grupos desaventajados educacional y econ\u00f3micamente, pero no se enfrentan a tanta exclusi\u00f3n o aislamiento<\/li>\n<\/ul>\n<figure class=\"media-landscape has-caption full-width\"><span class=\"image-and-copyright-container\"><img loading=\"lazy\" decoding=\"async\" class=\"responsive-image__img js-image-replace\" src=\"http:\/\/ichef-1.bbci.co.uk\/news\/ws\/624\/amz\/worldservice\/live\/assets\/images\/2016\/02\/22\/160222115604_protests_624x351_ap_nocredit.jpg\" alt=\"protests\" width=\"624\" height=\"351\" \/>El gobierno ha dicho que est\u00e1 abierto a negociar.<\/span><\/figure>\n<p>Las reivindicaciones de los jat no son nuevas. En marzo de 2014, el gobierno indio acept\u00f3 cambiar de categor\u00eda a esta comunidad para incluirla en la de \u00abOtras Clases Subdesarrolladas\u00bb.<\/p>\n<p>Pero la Corte Suprema tumb\u00f3 la medida en 2015 al considerar que los jat no son una clase desfavorecida.<\/p>\n<p>Tras los \u00faltimos d\u00edas de protesta, el gobierno del estado de Haryana anunci\u00f3 que considerar\u00e1 una ley para cumplir las demandas de la comunidad jat.<\/p>\n<p>El gobierno federal indio, mientras, ha dicho que establecer\u00e1 un comit\u00e9 de alto nivel para examinar los reclamos de los jat.<\/p>\n","protected":false},"excerpt":{"rendered":"<p>Unos 10 millones de personas se quedaron sin acceso al agua en Delhi, capital de India, tras varios d\u00edas de violentas protestas de miembros de la casta \u00abjat\u00bb, considerada como una de las castas altas del pa\u00eds. Los manifestantes protestan con un llamativo reclamo: lograr que el gobierno los \u00abdegrade\u00bb y los clasifique como casta [&hellip;]<\/p>\n","protected":false},"author":4,"featured_media":42923,"comment_status":"open","ping_status":"open","sticky":false,"template":"","format":"standard","meta":{"footnotes":""},"categories":[40],"tags":[],"class_list":["post-42919","post","type-post","status-publish","format-standard","has-post-thumbnail","hentry","category-internacionales"],"_links":{"self":[{"href":"https:\/\/2horizontes.com\/index.php?rest_route=\/wp\/v2\/posts\/42919","targetHints":{"allow":["GET"]}}],"collection":[{"href":"https:\/\/2horizontes.com\/index.php?rest_route=\/wp\/v2\/posts"}],"about":[{"href":"https:\/\/2horizontes.com\/index.php?rest_route=\/wp\/v2\/types\/post"}],"author":[{"embeddable":true,"href":"https:\/\/2horizontes.com\/index.php?rest_route=\/wp\/v2\/users\/4"}],"replies":[{"embeddable":true,"href":"https:\/\/2horizontes.com\/index.php?rest_route=%2Fwp%2Fv2%2Fcomments&post=42919"}],"version-history":[{"count":1,"href":"https:\/\/2horizontes.com\/index.php?rest_route=\/wp\/v2\/posts\/42919\/revisions"}],"predecessor-version":[{"id":42924,"href":"https:\/\/2horizontes.com\/index.php?rest_route=\/wp\/v2\/posts\/42919\/revisions\/42924"}],"wp:featuredmedia":[{"embeddable":true,"href":"https:\/\/2horizontes.com\/index.php?rest_route=\/wp\/v2\/media\/42923"}],"wp:attachment":[{"href":"https:\/\/2horizontes.com\/index.php?rest_route=%2Fwp%2Fv2%2Fmedia&parent=42919"}],"wp:term":[{"taxonomy":"category","embeddable":true,"href":"https:\/\/2horizontes.com\/index.php?rest_route=%2Fwp%2Fv2%2Fcategories&post=42919"},{"taxonomy":"post_tag","embeddable":true,"href":"https:\/\/2horizontes.com\/index.php?rest_route=%2Fwp%2Fv2%2Ftags&post=42919"}],"curies":[{"name":"wp","href":"https:\/\/api.w.org\/{rel}","templated":true}]}}