{"id":42907,"date":"2016-02-22T16:17:03","date_gmt":"2016-02-22T15:17:03","guid":{"rendered":"http:\/\/2horizontes.com\/?p=42907"},"modified":"2016-02-22T16:17:03","modified_gmt":"2016-02-22T15:17:03","slug":"saime-anulo-pasaporte-de-nacho","status":"publish","type":"post","link":"https:\/\/2horizontes.com\/?p=42907","title":{"rendered":"Saime anul\u00f3 pasaporte de &#8216;Nacho&#8217;"},"content":{"rendered":"<p>Miguel Ignacio Mendoza, mejor conocido como &#8216;Nacho&#8217;, inform\u00f3 a las 5:45 de la tarde de este s\u00e1bado que el Servicio Administrativo de Identificaci\u00f3n, Migraci\u00f3n y Extranjer\u00eda (Saime) anul\u00f3 su pasaporte.<\/p>\n<p>Aqu\u00ed est\u00e1 el pasaporte, anulado, desde la oficina principal del Saime, no voy a poder salir del pa\u00eds, pero la lucha es desde aqu\u00ed, ahora me quedo en Venezuela para darle m\u00e1s duro, hasta con el tobo, para que se terminen de ir\u00bb, dijo en un video que difundi\u00f3 en su cuenta de Instagram @nacholacriatura.<\/p>\n","protected":false},"excerpt":{"rendered":"<p>Miguel Ignacio Mendoza, mejor conocido como &#8216;Nacho&#8217;, inform\u00f3 a las 5:45 de la tarde de este s\u00e1bado que el Servicio Administrativo de Identificaci\u00f3n, Migraci\u00f3n y Extranjer\u00eda (Saime) anul\u00f3 su pasaporte. Aqu\u00ed est\u00e1 el pasaporte, anulado, desde la oficina principal del Saime, no voy a poder salir del pa\u00eds, pero la lucha es desde aqu\u00ed, ahora [&hellip;]<\/p>\n","protected":false},"author":3,"featured_media":42911,"comment_status":"open","ping_status":"open","sticky":false,"template":"","format":"standard","meta":{"footnotes":""},"categories":[1],"tags":[],"class_list":["post-42907","post","type-post","status-publish","format-standard","has-post-thumbnail","hentry","category-entretenimiento"],"_links":{"self":[{"href":"https:\/\/2horizontes.com\/index.php?rest_route=\/wp\/v2\/posts\/42907","targetHints":{"allow":["GET"]}}],"collection":[{"href":"https:\/\/2horizontes.com\/index.php?rest_route=\/wp\/v2\/posts"}],"about":[{"href":"https:\/\/2horizontes.com\/index.php?rest_route=\/wp\/v2\/types\/post"}],"author":[{"embeddable":true,"href":"https:\/\/2horizontes.com\/index.php?rest_route=\/wp\/v2\/users\/3"}],"replies":[{"embeddable":true,"href":"https:\/\/2horizontes.com\/index.php?rest_route=%2Fwp%2Fv2%2Fcomments&post=42907"}],"version-history":[{"count":1,"href":"https:\/\/2horizontes.com\/index.php?rest_route=\/wp\/v2\/posts\/42907\/revisions"}],"predecessor-version":[{"id":42912,"href":"https:\/\/2horizontes.com\/index.php?rest_route=\/wp\/v2\/posts\/42907\/revisions\/42912"}],"wp:featuredmedia":[{"embeddable":true,"href":"https:\/\/2horizontes.com\/index.php?rest_route=\/wp\/v2\/media\/42911"}],"wp:attachment":[{"href":"https:\/\/2horizontes.com\/index.php?rest_route=%2Fwp%2Fv2%2Fmedia&parent=42907"}],"wp:term":[{"taxonomy":"category","embeddable":true,"href":"https:\/\/2horizontes.com\/index.php?rest_route=%2Fwp%2Fv2%2Fcategories&post=42907"},{"taxonomy":"post_tag","embeddable":true,"href":"https:\/\/2horizontes.com\/index.php?rest_route=%2Fwp%2Fv2%2Ftags&post=42907"}],"curies":[{"name":"wp","href":"https:\/\/api.w.org\/{rel}","templated":true}]}}