{"id":42891,"date":"2016-02-22T16:02:44","date_gmt":"2016-02-22T15:02:44","guid":{"rendered":"http:\/\/2horizontes.com\/?p=42891"},"modified":"2016-02-22T16:02:44","modified_gmt":"2016-02-22T15:02:44","slug":"papa-pide-abolir-la-pena-de-muerte-y-que-en-el-jubileo-no-se-ejecute-ninguna","status":"publish","type":"post","link":"https:\/\/2horizontes.com\/?p=42891","title":{"rendered":"Papa pide abolir la pena de muerte y que en el Jubileo no se ejecute ninguna"},"content":{"rendered":"<div id=\"ArticleAuthorDiv\" class=\"article-body-author\"><b>EFE<\/b><\/div>\n<div id=\"ArticleSourceDiv\" class=\"article-body-author\"><b>Ciudad del Vaticano,<\/b><\/div>\n<div id=\"ArticleBody\">\n<p>El papa Francisco pidi\u00f3 ayer que durante la celebraci\u00f3n del Jubileo Extraordinario, hasta el 20 de noviembre, no se ejecute ninguna pena de muerte e hizo un llamamiento a la comunidad internacional para que acuerde su abolici\u00f3n definitiva.<\/p>\n<p>\u00abHago un llamamiento a la conciencia de los gobernantes para que alcancen un acuerdo internacional para abolir la pena de muerte. Y propongo a los cat\u00f3licos que haya entre ellos que cumplan un gesto de valent\u00eda ejemplarizante: que ninguna condena sea ejecutada en este A\u00f1o Santo de la Misericordia\u00bb, subray\u00f3.<\/p>\n<p>El papa Francisco defendi\u00f3 que \u00abtambi\u00e9n los criminales gozan del inviolable derecho a la vida\u00bb, durante un discurso ofrecido tras el rezo del \u00c1ngelus dominical, desde la ventana del palacio apost\u00f3lico del Vaticano.<\/p>\n<p>Ante los miles de fieles que se hab\u00edan congregado en la Plaza de San Pedro para escucharle, Jorge Bergoglio sostuvo que \u00abel Jubileo Extraordinario de la Misericordia es una ocasi\u00f3n propicia para promover en el mundo formas m\u00e1s maduras de respeto de la vida y de la dignidad de las personas\u00bb.<br \/>\nY alab\u00f3 el congreso que celebrar\u00e1 ma\u00f1ana en Roma la Comunidad cat\u00f3lica y caritativa de Sant&#8217;Egidio bajo el t\u00edtulo \u00abPor un mundo sin pena de muerte\u00bb, del que dese\u00f3 que d\u00e9 \u00abun renovado impulso a los esfuerzos para abolir la pena capital\u00bb.<\/p>\n<p>Reconoci\u00f3 que en el mundo contempor\u00e1neo est\u00e1 creciendo un sentimiento \u00abcontra la pena de muerte incluso como instrumento de leg\u00edtima defensa social\u00bb y se\u00f1al\u00f3 que \u00ablas sociedades modernas tienen la posibilidad de castigar eficazmente al criminal sin privarle de la oportunidad de redimirse\u00bb.<\/p>\n<p>\u00abEl problema debe abordarse desde la \u00f3ptica de una justicia penal que est\u00e9 cada vez m\u00e1s en l\u00ednea con la dignidad del hombre (&#8230;). El mandamiento &#8216;no matar\u00e1s&#8217; tiene un valor absoluto y se refiere tanto a los inocentes como a los culpables\u00bb, apunt\u00f3.<\/p>\n<p>El papa Francisco concluy\u00f3 su discurso con un mensaje dirigido a \u00abtodos los cristianos y a todos los hombres de buena voluntad\u00bb, a quienes pidi\u00f3 \u00abtrabajar no solo para la abolici\u00f3n de la pena de muerte, sino tambi\u00e9n para mejorar las condiciones carcelarias en el respeto de la dignidad de las personas privadas de libertad\u00bb.<\/p>\n<\/div>\n","protected":false},"excerpt":{"rendered":"<p>EFE Ciudad del Vaticano, El papa Francisco pidi\u00f3 ayer que durante la celebraci\u00f3n del Jubileo Extraordinario, hasta el 20 de noviembre, no se ejecute ninguna pena de muerte e hizo un llamamiento a la comunidad internacional para que acuerde su abolici\u00f3n definitiva. \u00abHago un llamamiento a la conciencia de los gobernantes para que alcancen un [&hellip;]<\/p>\n","protected":false},"author":7,"featured_media":42897,"comment_status":"open","ping_status":"open","sticky":false,"template":"","format":"standard","meta":{"footnotes":""},"categories":[40],"tags":[],"class_list":["post-42891","post","type-post","status-publish","format-standard","has-post-thumbnail","hentry","category-internacionales"],"_links":{"self":[{"href":"https:\/\/2horizontes.com\/index.php?rest_route=\/wp\/v2\/posts\/42891","targetHints":{"allow":["GET"]}}],"collection":[{"href":"https:\/\/2horizontes.com\/index.php?rest_route=\/wp\/v2\/posts"}],"about":[{"href":"https:\/\/2horizontes.com\/index.php?rest_route=\/wp\/v2\/types\/post"}],"author":[{"embeddable":true,"href":"https:\/\/2horizontes.com\/index.php?rest_route=\/wp\/v2\/users\/7"}],"replies":[{"embeddable":true,"href":"https:\/\/2horizontes.com\/index.php?rest_route=%2Fwp%2Fv2%2Fcomments&post=42891"}],"version-history":[{"count":1,"href":"https:\/\/2horizontes.com\/index.php?rest_route=\/wp\/v2\/posts\/42891\/revisions"}],"predecessor-version":[{"id":42898,"href":"https:\/\/2horizontes.com\/index.php?rest_route=\/wp\/v2\/posts\/42891\/revisions\/42898"}],"wp:featuredmedia":[{"embeddable":true,"href":"https:\/\/2horizontes.com\/index.php?rest_route=\/wp\/v2\/media\/42897"}],"wp:attachment":[{"href":"https:\/\/2horizontes.com\/index.php?rest_route=%2Fwp%2Fv2%2Fmedia&parent=42891"}],"wp:term":[{"taxonomy":"category","embeddable":true,"href":"https:\/\/2horizontes.com\/index.php?rest_route=%2Fwp%2Fv2%2Fcategories&post=42891"},{"taxonomy":"post_tag","embeddable":true,"href":"https:\/\/2horizontes.com\/index.php?rest_route=%2Fwp%2Fv2%2Ftags&post=42891"}],"curies":[{"name":"wp","href":"https:\/\/api.w.org\/{rel}","templated":true}]}}