{"id":42790,"date":"2016-02-19T21:35:18","date_gmt":"2016-02-19T20:35:18","guid":{"rendered":"http:\/\/2horizontes.com\/?p=42790"},"modified":"2016-02-19T21:35:18","modified_gmt":"2016-02-19T20:35:18","slug":"liberado-ex-periodista-de-canal-venezolano-que-tomo-foto-en-pdval","status":"publish","type":"post","link":"https:\/\/2horizontes.com\/?p=42790","title":{"rendered":"Liberado ex periodista de canal venezolano que tom\u00f3 foto en Pdval"},"content":{"rendered":"<p>Efrain Riera, ex periodista de Globovisi\u00f3n inform\u00f3 a trav\u00e9s de su cuenta en la red social Twitter que fue detenido en horas de la ma\u00f1ana de este viernes por tomar una foto en una cola.<\/p>\n<p>El hecho se origin\u00f3 en un Pdval del estado Lara. \u00abQue triste esta Vzla en la q Vivimos actualmente&#8230;. por una foto te detienen&#8230; a que le temen??\u00bb, excribi\u00f3 el peridista.<\/p>\n<p>Posteriormente public\u00f3 la fotograf\u00eda por la que la Pol\u00edcia Nacional Bolivariana lo detuvo.<\/p>\n<p>Por su parte, el\u00a0Sindicato Nacional de Trabajadores de la Prensa de Venezuela tambien rese\u00f1o la noticia a trav\u00e9s de su cuenta oficial en Twitter.<\/p>\n","protected":false},"excerpt":{"rendered":"<p>Efrain Riera, ex periodista de Globovisi\u00f3n inform\u00f3 a trav\u00e9s de su cuenta en la red social Twitter que fue detenido en horas de la ma\u00f1ana de este viernes por tomar una foto en una cola. El hecho se origin\u00f3 en un Pdval del estado Lara. \u00abQue triste esta Vzla en la q Vivimos actualmente&#8230;. por [&hellip;]<\/p>\n","protected":false},"author":13240,"featured_media":42791,"comment_status":"open","ping_status":"open","sticky":false,"template":"","format":"standard","meta":{"footnotes":""},"categories":[40,48],"tags":[],"class_list":["post-42790","post","type-post","status-publish","format-standard","has-post-thumbnail","hentry","category-internacionales","category-venezuela"],"_links":{"self":[{"href":"https:\/\/2horizontes.com\/index.php?rest_route=\/wp\/v2\/posts\/42790","targetHints":{"allow":["GET"]}}],"collection":[{"href":"https:\/\/2horizontes.com\/index.php?rest_route=\/wp\/v2\/posts"}],"about":[{"href":"https:\/\/2horizontes.com\/index.php?rest_route=\/wp\/v2\/types\/post"}],"author":[{"embeddable":true,"href":"https:\/\/2horizontes.com\/index.php?rest_route=\/wp\/v2\/users\/13240"}],"replies":[{"embeddable":true,"href":"https:\/\/2horizontes.com\/index.php?rest_route=%2Fwp%2Fv2%2Fcomments&post=42790"}],"version-history":[{"count":1,"href":"https:\/\/2horizontes.com\/index.php?rest_route=\/wp\/v2\/posts\/42790\/revisions"}],"predecessor-version":[{"id":42792,"href":"https:\/\/2horizontes.com\/index.php?rest_route=\/wp\/v2\/posts\/42790\/revisions\/42792"}],"wp:featuredmedia":[{"embeddable":true,"href":"https:\/\/2horizontes.com\/index.php?rest_route=\/wp\/v2\/media\/42791"}],"wp:attachment":[{"href":"https:\/\/2horizontes.com\/index.php?rest_route=%2Fwp%2Fv2%2Fmedia&parent=42790"}],"wp:term":[{"taxonomy":"category","embeddable":true,"href":"https:\/\/2horizontes.com\/index.php?rest_route=%2Fwp%2Fv2%2Fcategories&post=42790"},{"taxonomy":"post_tag","embeddable":true,"href":"https:\/\/2horizontes.com\/index.php?rest_route=%2Fwp%2Fv2%2Ftags&post=42790"}],"curies":[{"name":"wp","href":"https:\/\/api.w.org\/{rel}","templated":true}]}}