{"id":42733,"date":"2016-02-19T13:13:34","date_gmt":"2016-02-19T12:13:34","guid":{"rendered":"http:\/\/2horizontes.com\/?p=42733"},"modified":"2016-02-19T13:13:34","modified_gmt":"2016-02-19T12:13:34","slug":"la-casa-blanca-no-espera-un-encuentro-entre-obama-y-fidel-castro-en-cuba","status":"publish","type":"post","link":"https:\/\/2horizontes.com\/?p=42733","title":{"rendered":"La Casa Blanca no espera un encuentro entre Obama y Fidel Castro en Cuba"},"content":{"rendered":"<div id=\"ArticleAuthorDiv\" class=\"article-body-author\"><b>EFE<\/b><\/div>\n<div id=\"ArticleSourceDiv\" class=\"article-body-author\"><b>Washington<\/b><\/div>\n<div id=\"ArticleBody\">\n<p>La Casa Blanca no prev\u00e9 que se produzca un encuentro entre el presidente Barack Obama y el hist\u00f3rico l\u00edder de la revoluci\u00f3n Fidel Castro durante la visita que el mandatario estadounidense har\u00e1 en marzo a Cuba con el objetivo de ampliar los avances logrados con la normalizaci\u00f3n bilateral.<\/p>\n<p>\u00abNo esperar\u00eda un encuentro con Fidel Castro. Ra\u00fal Castro es el presidente de Cuba y Obama se ver\u00e1 con el presidente Castro\u00bb, explic\u00f3 ayer durante una rueda de prensa Ben Rhodes, asesor adjunto de seguridad nacional de la Casa Blanca.<\/p>\n<p>La vista de Obama, la primera de un presidente en activo a Cuba en 88 a\u00f1os, se producir\u00e1 entre el 21 al 22 de marzo junto a su esposa, Michelle, con quien se desplazar\u00e1 posteriormente a Argentina, donde la familia presidencial al completo, incluidas sus hijas Malia y Sasha, realizar\u00e1 una visita el 23 y 24 de marzo<\/p>\n<p>En su intervenci\u00f3n ante la prensa, Rhodes explic\u00f3 que Obama ha elegido viajar a la isla a principios de a\u00f1o, en vez de m\u00e1s tarde para no tratar el viaje como una coronaci\u00f3n, sino como una forma de \u00abseguir movi\u00e9ndose hacia adelante\u00bb y lograr avances tanto alrededor de la visita, como en los meses siguientes.<\/p>\n<p>El asesor de la Casa Blanca indic\u00f3 que, adem\u00e1s de mantener una reuni\u00f3n bilateral con el presidente cubano, Ra\u00fal Castro, Obama se reunir\u00e1 con \u00abdisidentes, miembros de la sociedad civil y aquellos que se oponen a la pol\u00edtica de los Castro\u00bb.<\/p>\n<p>\u00abSiempre tendremos diferencias con este Gobierno\u00bb, resolvi\u00f3 Rhodes, que expres\u00f3 la intenci\u00f3n de la Casa Blanca de poner sobre la mesa el tema de los derechos humanos, la libertad de reuni\u00f3n, la libertad de expresi\u00f3n y \u00ablos patrones de detenciones\u00bb contra algunos miembros de la sociedad civil.<\/p>\n<p>\u00abQueremos hacer este cambio de pol\u00edtica irreversible\u00bb, subray\u00f3, sin embargo, Rhodes, quien reiter\u00f3 el deseo del Gobierno de levantar el embargo econ\u00f3mico que pesa sobre Cuba, decisi\u00f3n que depende del Congreso de EE.UU. pero cuya existencia sigue obstaculizando la normalizaci\u00f3n plena de relaciones.<\/p>\n<p>Este viaje de Obama a Cuba ser\u00e1 la primera vez que un presidente estadounidense en ejercicio pisa territorio cubano desde que lo hizo Calvin Coolidge en enero de 1928.<\/p>\n<p>En aquella ocasi\u00f3n, con motivo de la sexta Conferencia Internacional Anual de Estados Americanos que se celebraba en La Habana, Coolidge fue recibido por el entonces presidente de Cuba, Gerardo Machado.<\/p>\n<p>La visita de Obama a la isla supone uno de los puntos culmen del restablecimiento de relaciones diplom\u00e1ticas entre Cuba y EE.UU., cuyos presidentes anunciaron el 17 de diciembre de 2014 un hist\u00f3ricos deshielo para poner fin a medio siglo de enemistad y hostilidades.<\/p>\n<\/div>\n","protected":false},"excerpt":{"rendered":"<p>EFE Washington La Casa Blanca no prev\u00e9 que se produzca un encuentro entre el presidente Barack Obama y el hist\u00f3rico l\u00edder de la revoluci\u00f3n Fidel Castro durante la visita que el mandatario estadounidense har\u00e1 en marzo a Cuba con el objetivo de ampliar los avances logrados con la normalizaci\u00f3n bilateral. \u00abNo esperar\u00eda un encuentro con [&hellip;]<\/p>\n","protected":false},"author":7,"featured_media":42734,"comment_status":"open","ping_status":"open","sticky":false,"template":"","format":"standard","meta":{"footnotes":""},"categories":[49,40,43],"tags":[],"class_list":["post-42733","post","type-post","status-publish","format-standard","has-post-thumbnail","hentry","category-cuba","category-internacionales","category-politica"],"_links":{"self":[{"href":"https:\/\/2horizontes.com\/index.php?rest_route=\/wp\/v2\/posts\/42733","targetHints":{"allow":["GET"]}}],"collection":[{"href":"https:\/\/2horizontes.com\/index.php?rest_route=\/wp\/v2\/posts"}],"about":[{"href":"https:\/\/2horizontes.com\/index.php?rest_route=\/wp\/v2\/types\/post"}],"author":[{"embeddable":true,"href":"https:\/\/2horizontes.com\/index.php?rest_route=\/wp\/v2\/users\/7"}],"replies":[{"embeddable":true,"href":"https:\/\/2horizontes.com\/index.php?rest_route=%2Fwp%2Fv2%2Fcomments&post=42733"}],"version-history":[{"count":1,"href":"https:\/\/2horizontes.com\/index.php?rest_route=\/wp\/v2\/posts\/42733\/revisions"}],"predecessor-version":[{"id":42735,"href":"https:\/\/2horizontes.com\/index.php?rest_route=\/wp\/v2\/posts\/42733\/revisions\/42735"}],"wp:featuredmedia":[{"embeddable":true,"href":"https:\/\/2horizontes.com\/index.php?rest_route=\/wp\/v2\/media\/42734"}],"wp:attachment":[{"href":"https:\/\/2horizontes.com\/index.php?rest_route=%2Fwp%2Fv2%2Fmedia&parent=42733"}],"wp:term":[{"taxonomy":"category","embeddable":true,"href":"https:\/\/2horizontes.com\/index.php?rest_route=%2Fwp%2Fv2%2Fcategories&post=42733"},{"taxonomy":"post_tag","embeddable":true,"href":"https:\/\/2horizontes.com\/index.php?rest_route=%2Fwp%2Fv2%2Ftags&post=42733"}],"curies":[{"name":"wp","href":"https:\/\/api.w.org\/{rel}","templated":true}]}}