{"id":42726,"date":"2016-02-19T02:47:59","date_gmt":"2016-02-19T01:47:59","guid":{"rendered":"http:\/\/2horizontes.com\/?p=42726"},"modified":"2016-02-19T02:47:59","modified_gmt":"2016-02-19T01:47:59","slug":"padre-de-leopoldo-comento-que-su-hijo-no-descarta-postular-su-candidatura-presidencial","status":"publish","type":"post","link":"https:\/\/2horizontes.com\/?p=42726","title":{"rendered":"Padre de Leopoldo coment\u00f3 que su hijo no descarta postular su candidatura presidencial"},"content":{"rendered":"<p>Venezuela.- El padre del dirigente de Voluntad Popular Leopoldo L\u00f3pez dijo este jueves en Madrid que la presidencia no es la principal prioridad de su hijo, sin embargo tampoco descartar\u00eda la posibilidad de presentar su candidatura.<\/p>\n<p>\u00ab\u00c9l no hizo este sacrificio para ser presidente, lo hizo para defender los derechos fundamentales de \u00e9l y de todos los venezolanos\u00bb, dijo asegurando que a\u00fan as\u00ed presentar\u00e1 su candidatura. \u00abNo se puede ganar la loter\u00eda si no se juega\u00bb.<\/p>\n<p>Las declaraciones fueron ofrecidas durante una conferencia de prensa junto a otros opositores de su pa\u00eds y representantes de partidos pol\u00edticos espa\u00f1oles, el d\u00eda que se cumplen 2 a\u00f1os desde que su hijo se entreg\u00f3 a la justicia venezolana, public\u00f3 <em>Globovisi\u00f3n<\/em>.<\/p>\n<p>Con respecto al tema de la ley de amnist\u00eda, Leopoldo L\u00f3pez padre considera que el gobierno ignorar\u00e1 dicha ley. \u00abSer\u00e1 el pueblo quien va a ponerlo en libertad, el poder est\u00e1 en la calle, no en la Asamblea\u00bb.<\/p>\n<p>Sobre el refer\u00e9ndum revocatorio, el hombre coment\u00f3 que es lo que se necesitar\u00eda, aunque no cree que se llegue a ejecutar por la falta de autonom\u00eda de los poderes p\u00fablicos en Venezuela.<\/p>\n","protected":false},"excerpt":{"rendered":"<p>Venezuela.- El padre del dirigente de Voluntad Popular Leopoldo L\u00f3pez dijo este jueves en Madrid que la presidencia no es la principal prioridad de su hijo, sin embargo tampoco descartar\u00eda la posibilidad de presentar su candidatura. \u00ab\u00c9l no hizo este sacrificio para ser presidente, lo hizo para defender los derechos fundamentales de \u00e9l y de [&hellip;]<\/p>\n","protected":false},"author":13240,"featured_media":42727,"comment_status":"open","ping_status":"open","sticky":false,"template":"","format":"standard","meta":{"footnotes":""},"categories":[40,43,48],"tags":[],"class_list":["post-42726","post","type-post","status-publish","format-standard","has-post-thumbnail","hentry","category-internacionales","category-politica","category-venezuela"],"_links":{"self":[{"href":"https:\/\/2horizontes.com\/index.php?rest_route=\/wp\/v2\/posts\/42726","targetHints":{"allow":["GET"]}}],"collection":[{"href":"https:\/\/2horizontes.com\/index.php?rest_route=\/wp\/v2\/posts"}],"about":[{"href":"https:\/\/2horizontes.com\/index.php?rest_route=\/wp\/v2\/types\/post"}],"author":[{"embeddable":true,"href":"https:\/\/2horizontes.com\/index.php?rest_route=\/wp\/v2\/users\/13240"}],"replies":[{"embeddable":true,"href":"https:\/\/2horizontes.com\/index.php?rest_route=%2Fwp%2Fv2%2Fcomments&post=42726"}],"version-history":[{"count":1,"href":"https:\/\/2horizontes.com\/index.php?rest_route=\/wp\/v2\/posts\/42726\/revisions"}],"predecessor-version":[{"id":42728,"href":"https:\/\/2horizontes.com\/index.php?rest_route=\/wp\/v2\/posts\/42726\/revisions\/42728"}],"wp:featuredmedia":[{"embeddable":true,"href":"https:\/\/2horizontes.com\/index.php?rest_route=\/wp\/v2\/media\/42727"}],"wp:attachment":[{"href":"https:\/\/2horizontes.com\/index.php?rest_route=%2Fwp%2Fv2%2Fmedia&parent=42726"}],"wp:term":[{"taxonomy":"category","embeddable":true,"href":"https:\/\/2horizontes.com\/index.php?rest_route=%2Fwp%2Fv2%2Fcategories&post=42726"},{"taxonomy":"post_tag","embeddable":true,"href":"https:\/\/2horizontes.com\/index.php?rest_route=%2Fwp%2Fv2%2Ftags&post=42726"}],"curies":[{"name":"wp","href":"https:\/\/api.w.org\/{rel}","templated":true}]}}