{"id":42724,"date":"2016-02-19T02:39:19","date_gmt":"2016-02-19T01:39:19","guid":{"rendered":"http:\/\/2horizontes.com\/?p=42724"},"modified":"2016-02-19T02:39:19","modified_gmt":"2016-02-19T01:39:19","slug":"chavismo-y-oposicion-se-ponen-de-acuerdo-sobre-guyana","status":"publish","type":"post","link":"https:\/\/2horizontes.com\/?p=42724","title":{"rendered":"Chavismo y oposici\u00f3n se ponen de acuerdo sobre Guyana"},"content":{"rendered":"<p>Venezuela.- El chavismo y la oposici\u00f3n, confrontados en el Parlamento,\u00a0se pusieron de acuerdo este jueves para ratificar el Acuerdo de Ginebra,\u00a0que regula el reclamo venezolano sobre el territorio Esequibo ante Guyana.<\/p>\n<p>El Legislativo acord\u00f3 \u201ccelebrar los 50 a\u00f1os de la firma del Acuerdo de Ginebra y ratificar que dicho instrumento es el mecanismo jur\u00eddico vigente que fija la modalidad para resolver la controversia sobre el territorio Esequibo\u201d, indic\u00f3 el subsecretario del Parlamento, Jos\u00e9 Luis Cartaya.<\/p>\n<p>El acuerdo exige a Guyana que \u201cse abstenga de realizar cualquier tipo de actividades econ\u00f3micas, de explotaci\u00f3n y extracci\u00f3n petrolera, maderera y gas\u00edfera unilaterales\u201d.<\/p>\n<p>Adem\u00e1s, advierte que tales iniciativas \u201cno constituyen fundamentos para crear derechos sobre el territorio Esequibo\u201d.<\/p>\n<p>En mayo del a\u00f1o pasado, la disputa territorial entre Venezuela y Guyana escal\u00f3\u00a0despu\u00e9s de que la petrolera estadounidense Exxon Mobil reportara un hallazgo significativo de crudo en una concesi\u00f3n realizada por Georgetown, ubicada a 200 km de sus costas.<\/p>\n<p>Venezuela reclama soberan\u00eda sobre las aguas frente a la regi\u00f3n del Esequibo donde estar\u00eda la reserva petrolera, mientras Guyana, una excolonia brit\u00e1nica, sostiene que el l\u00edmite del territorio fue establecido en 1899 por un tribunal de arbitraje.<\/p>\n<p>Venezuela nunca reconoci\u00f3 ese l\u00edmite y el conflicto se fue intensificando paulatinamente, y en a\u00f1os recientes se extendi\u00f3 a los derechos mar\u00edtimos en el \u00e1rea en disputa.<\/p>\n","protected":false},"excerpt":{"rendered":"<p>Venezuela.- El chavismo y la oposici\u00f3n, confrontados en el Parlamento,\u00a0se pusieron de acuerdo este jueves para ratificar el Acuerdo de Ginebra,\u00a0que regula el reclamo venezolano sobre el territorio Esequibo ante Guyana. El Legislativo acord\u00f3 \u201ccelebrar los 50 a\u00f1os de la firma del Acuerdo de Ginebra y ratificar que dicho instrumento es el mecanismo jur\u00eddico vigente [&hellip;]<\/p>\n","protected":false},"author":13240,"featured_media":24788,"comment_status":"open","ping_status":"open","sticky":false,"template":"","format":"standard","meta":{"footnotes":""},"categories":[40,43,48],"tags":[],"class_list":["post-42724","post","type-post","status-publish","format-standard","has-post-thumbnail","hentry","category-internacionales","category-politica","category-venezuela"],"_links":{"self":[{"href":"https:\/\/2horizontes.com\/index.php?rest_route=\/wp\/v2\/posts\/42724","targetHints":{"allow":["GET"]}}],"collection":[{"href":"https:\/\/2horizontes.com\/index.php?rest_route=\/wp\/v2\/posts"}],"about":[{"href":"https:\/\/2horizontes.com\/index.php?rest_route=\/wp\/v2\/types\/post"}],"author":[{"embeddable":true,"href":"https:\/\/2horizontes.com\/index.php?rest_route=\/wp\/v2\/users\/13240"}],"replies":[{"embeddable":true,"href":"https:\/\/2horizontes.com\/index.php?rest_route=%2Fwp%2Fv2%2Fcomments&post=42724"}],"version-history":[{"count":1,"href":"https:\/\/2horizontes.com\/index.php?rest_route=\/wp\/v2\/posts\/42724\/revisions"}],"predecessor-version":[{"id":42725,"href":"https:\/\/2horizontes.com\/index.php?rest_route=\/wp\/v2\/posts\/42724\/revisions\/42725"}],"wp:featuredmedia":[{"embeddable":true,"href":"https:\/\/2horizontes.com\/index.php?rest_route=\/wp\/v2\/media\/24788"}],"wp:attachment":[{"href":"https:\/\/2horizontes.com\/index.php?rest_route=%2Fwp%2Fv2%2Fmedia&parent=42724"}],"wp:term":[{"taxonomy":"category","embeddable":true,"href":"https:\/\/2horizontes.com\/index.php?rest_route=%2Fwp%2Fv2%2Fcategories&post=42724"},{"taxonomy":"post_tag","embeddable":true,"href":"https:\/\/2horizontes.com\/index.php?rest_route=%2Fwp%2Fv2%2Ftags&post=42724"}],"curies":[{"name":"wp","href":"https:\/\/api.w.org\/{rel}","templated":true}]}}