{"id":42719,"date":"2016-02-19T01:25:09","date_gmt":"2016-02-19T00:25:09","guid":{"rendered":"http:\/\/2horizontes.com\/?p=42719"},"modified":"2016-02-19T01:26:06","modified_gmt":"2016-02-19T00:26:06","slug":"presidente-de-la-filial-del-norte-de-espana-vigo-miguel-cuello-escanio-renuncia-del-prsc","status":"publish","type":"post","link":"https:\/\/2horizontes.com\/?p=42719","title":{"rendered":"Presidente de la filial del Norte de Espa\u00f1a Vigo Miguel Cuello Escanio, renuncia del PRSC"},"content":{"rendered":"<p>VIGO\u00a0 17\u00a0 de Febrero 2016<\/p>\n<p>&nbsp;<\/p>\n<p>A la opini\u00f3n p\u00fablica en general<\/p>\n<p>Al Ing. Federico Antun Batlle<\/p>\n<p>Presidente del Partido Reformista social Cristiano, PRSC<\/p>\n<p>Al Ing Rogelio Genao.<\/p>\n<p>Secretario General\u00a0 y dem\u00e1s autoridades<\/p>\n<p>Asunto\u00a0\u00a0\u00a0\u00a0\u00a0\u00a0\u00a0\u00a0\u00a0\u00a0\u00a0\u00a0 : Renuncia Irrestricta del PRSC<\/p>\n<p>Quien suscribe: Empresario<strong> Miguel Cuello Escanio,<\/strong> con c\u00e9dula de Identidad y Electoral N. 001-0605929-8; <strong>Presidente de la filial del Norte de Espa\u00f1a Vigo, Provincia Pontevedra (Galicia) y Pre candidato a Diputado, por la circunscripci\u00f3n 3 (Europa)<\/strong><\/p>\n<p>Hago de pleno conocimiento que a partir de este instante renuncio de todas mis actividades socio-pol\u00edticas del Partido reformista Social Cristiano (PRSC), tomo \u00e9sta firme decisi\u00f3n, al junto del pleno de dirigentes de \u00e9sta filial,\u00a0 por los constantes abusos\u00a0 de poder del que hemos sido objeto, en innumerables ocasiones, en especial de aquellos que tienen bajo su responsabilidad la circunscripci\u00f3n n. 3 (Europa), la poca oportunidades que hay para la Mujer, para la Juventud, las mancillas a los derechos pol\u00edticos, c\u00edvicos, al derecho a decidir y los valores y principios incluyendo el respeto individual y colectivo, por ellos,\u00a0 no considero posible mi participaci\u00f3n como activista y Presidente de la Filial del Norte de Espa\u00f1a, vigo, provincia de Pontevedra (Galicia) Ni a seguir siendo objeto de exclusi\u00f3n de un grupo de mercaderes y mercenarios pol\u00edticos, que su \u00fanica misi\u00f3n ser\u00e1 la de vender el esfuerzo de cada uno de nosotros, al mejor postor sin importar de donde proviene el lucro&#8230;<\/p>\n<p>En mi plena reflexi\u00f3n, despu\u00e9s de revisar\u00a0 mi fiel y digna participaci\u00f3n como miembro activo de dicho partido desde 1984 y que en tal ocasi\u00f3n fui juramentado por el fundador y gu\u00eda, el extinto presidente Dr. Joaqu\u00edn Balaguer, a quien siempre recordar\u00e9 con regocijo, por otro lado continuo con mis aspiraciones a Diputado de Ultramar, por otro partido y fuerzas aliadas que me respaldaran en la mismas, desde el cual podr\u00e9 servir a la Di\u00e1spora Dominicana, que es servir\u00a0 a mi Patria.<\/p>\n<p>De igual manera la licenciada Carmen Ram\u00edrez \u00a0afirma, que renuncia \u00a0como activista del partido PRSC de la filial de Madrid por las mismas razones ya mencionada m\u00e1s arriba<\/p>\n<p>&nbsp;<\/p>\n<p>En espera de que los buenos vientos les acompa\u00f1en y la suerte les gu\u00eden.<\/p>\n<p>&nbsp;<\/p>\n<p>Atentamente:<\/p>\n<p>&nbsp;<\/p>\n<p>MIGUEL E. CUELLO<\/p>\n","protected":false},"excerpt":{"rendered":"<p>VIGO\u00a0 17\u00a0 de Febrero 2016 &nbsp; A la opini\u00f3n p\u00fablica en general Al Ing. Federico Antun Batlle Presidente del Partido Reformista social Cristiano, PRSC Al Ing Rogelio Genao. Secretario General\u00a0 y dem\u00e1s autoridades Asunto\u00a0\u00a0\u00a0\u00a0\u00a0\u00a0\u00a0\u00a0\u00a0\u00a0\u00a0\u00a0 : Renuncia Irrestricta del PRSC Quien suscribe: Empresario Miguel Cuello Escanio, con c\u00e9dula de Identidad y Electoral N. 001-0605929-8; Presidente de [&hellip;]<\/p>\n","protected":false},"author":1,"featured_media":42720,"comment_status":"open","ping_status":"open","sticky":false,"template":"","format":"standard","meta":{"footnotes":""},"categories":[46,85,43],"tags":[],"class_list":["post-42719","post","type-post","status-publish","format-standard","has-post-thumbnail","hentry","category-dominicanos-en-madrid","category-espana","category-politica"],"_links":{"self":[{"href":"https:\/\/2horizontes.com\/index.php?rest_route=\/wp\/v2\/posts\/42719","targetHints":{"allow":["GET"]}}],"collection":[{"href":"https:\/\/2horizontes.com\/index.php?rest_route=\/wp\/v2\/posts"}],"about":[{"href":"https:\/\/2horizontes.com\/index.php?rest_route=\/wp\/v2\/types\/post"}],"author":[{"embeddable":true,"href":"https:\/\/2horizontes.com\/index.php?rest_route=\/wp\/v2\/users\/1"}],"replies":[{"embeddable":true,"href":"https:\/\/2horizontes.com\/index.php?rest_route=%2Fwp%2Fv2%2Fcomments&post=42719"}],"version-history":[{"count":2,"href":"https:\/\/2horizontes.com\/index.php?rest_route=\/wp\/v2\/posts\/42719\/revisions"}],"predecessor-version":[{"id":42722,"href":"https:\/\/2horizontes.com\/index.php?rest_route=\/wp\/v2\/posts\/42719\/revisions\/42722"}],"wp:featuredmedia":[{"embeddable":true,"href":"https:\/\/2horizontes.com\/index.php?rest_route=\/wp\/v2\/media\/42720"}],"wp:attachment":[{"href":"https:\/\/2horizontes.com\/index.php?rest_route=%2Fwp%2Fv2%2Fmedia&parent=42719"}],"wp:term":[{"taxonomy":"category","embeddable":true,"href":"https:\/\/2horizontes.com\/index.php?rest_route=%2Fwp%2Fv2%2Fcategories&post=42719"},{"taxonomy":"post_tag","embeddable":true,"href":"https:\/\/2horizontes.com\/index.php?rest_route=%2Fwp%2Fv2%2Ftags&post=42719"}],"curies":[{"name":"wp","href":"https:\/\/api.w.org\/{rel}","templated":true}]}}