{"id":42715,"date":"2016-02-18T23:58:02","date_gmt":"2016-02-18T22:58:02","guid":{"rendered":"http:\/\/2horizontes.com\/?p=42715"},"modified":"2016-02-18T23:58:02","modified_gmt":"2016-02-18T22:58:02","slug":"decomisan-cigarros-y-puros-por-valor-de-24-000-euros-en-la-carretera-de-la-seu-durgell","status":"publish","type":"post","link":"https:\/\/2horizontes.com\/?p=42715","title":{"rendered":"Decomisan cigarros y puros por valor de 24.000 euros en la carretera de La Seu d\u2019Urgell"},"content":{"rendered":"<p>Agentes de la Guardia Civil de la Secci\u00f3n Fiscal de La Seu d\u2019Urgell han aprehendido en dos operaciones 3.000 cajetillas de tabaco rubio de contrabando y 624 puros de diferentes marcas, valorado todo ello en 24.092 euros.<\/p>\n<p>Con media hora de diferencia, fueron sorprendidos en la carretera N-260, que une la Seu d\u2019Urgell y Bellver, dos conductores este mi\u00e9rcoles con el tabaco de contrabando: el primero, un vecino de la Seu que llevaba 3.000 cajetillas de cigarrillos, y el segundo, un holand\u00e9s residente en su pa\u00eds que llevaba puros, ha informado la Guardia Civil este jueves en un comunicado.<\/p>\n<p>Los agentes levantaron actas de aprehensi\u00f3n de contrabando y depositaron el g\u00e9nero aprehendido y los veh\u00edculos intervenidos en la aduana de La Farga de Moles.<\/p>\n","protected":false},"excerpt":{"rendered":"<p>Agentes de la Guardia Civil de la Secci\u00f3n Fiscal de La Seu d\u2019Urgell han aprehendido en dos operaciones 3.000 cajetillas de tabaco rubio de contrabando y 624 puros de diferentes marcas, valorado todo ello en 24.092 euros. Con media hora de diferencia, fueron sorprendidos en la carretera N-260, que une la Seu d\u2019Urgell y Bellver, [&hellip;]<\/p>\n","protected":false},"author":3,"featured_media":42716,"comment_status":"open","ping_status":"open","sticky":false,"template":"","format":"standard","meta":{"footnotes":""},"categories":[85],"tags":[],"class_list":["post-42715","post","type-post","status-publish","format-standard","has-post-thumbnail","hentry","category-espana"],"_links":{"self":[{"href":"https:\/\/2horizontes.com\/index.php?rest_route=\/wp\/v2\/posts\/42715","targetHints":{"allow":["GET"]}}],"collection":[{"href":"https:\/\/2horizontes.com\/index.php?rest_route=\/wp\/v2\/posts"}],"about":[{"href":"https:\/\/2horizontes.com\/index.php?rest_route=\/wp\/v2\/types\/post"}],"author":[{"embeddable":true,"href":"https:\/\/2horizontes.com\/index.php?rest_route=\/wp\/v2\/users\/3"}],"replies":[{"embeddable":true,"href":"https:\/\/2horizontes.com\/index.php?rest_route=%2Fwp%2Fv2%2Fcomments&post=42715"}],"version-history":[{"count":1,"href":"https:\/\/2horizontes.com\/index.php?rest_route=\/wp\/v2\/posts\/42715\/revisions"}],"predecessor-version":[{"id":42717,"href":"https:\/\/2horizontes.com\/index.php?rest_route=\/wp\/v2\/posts\/42715\/revisions\/42717"}],"wp:featuredmedia":[{"embeddable":true,"href":"https:\/\/2horizontes.com\/index.php?rest_route=\/wp\/v2\/media\/42716"}],"wp:attachment":[{"href":"https:\/\/2horizontes.com\/index.php?rest_route=%2Fwp%2Fv2%2Fmedia&parent=42715"}],"wp:term":[{"taxonomy":"category","embeddable":true,"href":"https:\/\/2horizontes.com\/index.php?rest_route=%2Fwp%2Fv2%2Fcategories&post=42715"},{"taxonomy":"post_tag","embeddable":true,"href":"https:\/\/2horizontes.com\/index.php?rest_route=%2Fwp%2Fv2%2Ftags&post=42715"}],"curies":[{"name":"wp","href":"https:\/\/api.w.org\/{rel}","templated":true}]}}