{"id":42660,"date":"2016-02-18T17:21:34","date_gmt":"2016-02-18T16:21:34","guid":{"rendered":"http:\/\/2horizontes.com\/?p=42660"},"modified":"2016-02-18T17:21:34","modified_gmt":"2016-02-18T16:21:34","slug":"obama-sera-bienvenido-en-cuba-con-hospitalidad-dice-la-cancilleria-cubana","status":"publish","type":"post","link":"https:\/\/2horizontes.com\/?p=42660","title":{"rendered":"Obama ser\u00e1 bienvenido en Cuba con hospitalidad, dice la Canciller\u00eda cubana"},"content":{"rendered":"<div id=\"p_p_id_contentviewerportlet_WAR_newsportlet_INSTANCE_ad939a29825f4d77b9f132e595239e2c_\" class=\"portlet-boundary portlet-boundary_contentviewerportlet_WAR_newsportlet_  portlet-static portlet-static-end content-viewer-portlet \">\n<div class=\"td-portlet\">\n<section id=\"portlet_contentviewerportlet_WAR_newsportlet_INSTANCE_ad939a29825f4d77b9f132e595239e2c\" class=\"portlet\">\n<div class=\"portlet-content\">\n<div class=\" portlet-content-container\">\n<div class=\"portlet-body\">\n<div class=\"last td-viewer full-access\">\n<div class=\"detalle-texto\">\n<div class=\"text\">\n<p>LA HABANA. El presidente de Estados Unidos, Barack Obama, ser\u00e1 recibido en Cuba \u201ccon la hospitalidad que caracteriza\u201d al pa\u00eds caribe\u00f1o, seg\u00fan afirm\u00f3 hoy la Canciller\u00eda cubana en un mensaje en la red social Twitter.<\/p>\n<p>\u201cEl mandatario estadounidense ser\u00e1 bienvenido por el Gobierno de #Cuba y su pueblo, con la hospitalidad que la caracteriza\u201d, se\u00f1al\u00f3 en un tuit la directora general para EE.UU. de la Canciller\u00eda cubana, Josefina Vidal, que comparecer\u00e1 hoy ante los medios para pronunciarse sobre la visita de Obama a Cuba el pr\u00f3ximo marzo.<\/p>\n<p>Barack Obama, acompa\u00f1ado de su esposa Michelle, visitar\u00e1 Cuba el 21 y 22 de marzo y ser\u00e1 el primer mandatario estadounidense en ejercicio que visita la isla en 88 a\u00f1os.<\/p>\n<p>\u201cEl pr\u00f3ximo mes viajar\u00e9 a Cuba para promover el progreso y los esfuerzos que pueden mejorar la vida de los cubanos\u201d, dijo este jueves Obama en su cuenta oficial de Twitter.<\/p>\n<p>La visita tendr\u00e1 lugar 15 meses despu\u00e9s del hist\u00f3rico anuncio que Obama y el presidente de Cuba, Ra\u00fal Castro, realizaron el 17 de diciembre de 2014 sobre el restablecimiento de las relaciones diplom\u00e1ticas entre ambos pa\u00edses, tras m\u00e1s de cincuenta a\u00f1os de enemistad.<\/p>\n<p>Cuba y Estados Unidos restablecieron formalmente sus lazos diplom\u00e1ticos y reabrieron sus embajadas en Washington y en La Habana el 20 de julio de 2015 para iniciar a continuaci\u00f3n el camino hacia la normalizaci\u00f3n total de sus relaciones, un proceso donde los principales escollos siguen siendo el embargo hacia la isla y la situaci\u00f3n de los derechos humanos en el pa\u00eds caribe\u00f1o.<\/p>\n<\/div>\n<\/div>\n<\/div>\n<\/div>\n<\/div>\n<\/div>\n<\/section>\n<\/div>\n<\/div>\n<div id=\"p_p_id_articletopicsportlet_WAR_newsportlet_INSTANCE_c5d6e9af5f8941409f18800688ad49bc_\" class=\"portlet-boundary portlet-boundary_articletopicsportlet_WAR_newsportlet_  portlet-static portlet-static-end article-topics-portlet detalle-metadatos\"><\/div>\n","protected":false},"excerpt":{"rendered":"<p>LA HABANA. El presidente de Estados Unidos, Barack Obama, ser\u00e1 recibido en Cuba \u201ccon la hospitalidad que caracteriza\u201d al pa\u00eds caribe\u00f1o, seg\u00fan afirm\u00f3 hoy la Canciller\u00eda cubana en un mensaje en la red social Twitter. \u201cEl mandatario estadounidense ser\u00e1 bienvenido por el Gobierno de #Cuba y su pueblo, con la hospitalidad que la caracteriza\u201d, se\u00f1al\u00f3 [&hellip;]<\/p>\n","protected":false},"author":13240,"featured_media":38776,"comment_status":"open","ping_status":"open","sticky":false,"template":"","format":"standard","meta":{"footnotes":""},"categories":[49,40,43],"tags":[],"class_list":["post-42660","post","type-post","status-publish","format-standard","has-post-thumbnail","hentry","category-cuba","category-internacionales","category-politica"],"_links":{"self":[{"href":"https:\/\/2horizontes.com\/index.php?rest_route=\/wp\/v2\/posts\/42660","targetHints":{"allow":["GET"]}}],"collection":[{"href":"https:\/\/2horizontes.com\/index.php?rest_route=\/wp\/v2\/posts"}],"about":[{"href":"https:\/\/2horizontes.com\/index.php?rest_route=\/wp\/v2\/types\/post"}],"author":[{"embeddable":true,"href":"https:\/\/2horizontes.com\/index.php?rest_route=\/wp\/v2\/users\/13240"}],"replies":[{"embeddable":true,"href":"https:\/\/2horizontes.com\/index.php?rest_route=%2Fwp%2Fv2%2Fcomments&post=42660"}],"version-history":[{"count":1,"href":"https:\/\/2horizontes.com\/index.php?rest_route=\/wp\/v2\/posts\/42660\/revisions"}],"predecessor-version":[{"id":42661,"href":"https:\/\/2horizontes.com\/index.php?rest_route=\/wp\/v2\/posts\/42660\/revisions\/42661"}],"wp:featuredmedia":[{"embeddable":true,"href":"https:\/\/2horizontes.com\/index.php?rest_route=\/wp\/v2\/media\/38776"}],"wp:attachment":[{"href":"https:\/\/2horizontes.com\/index.php?rest_route=%2Fwp%2Fv2%2Fmedia&parent=42660"}],"wp:term":[{"taxonomy":"category","embeddable":true,"href":"https:\/\/2horizontes.com\/index.php?rest_route=%2Fwp%2Fv2%2Fcategories&post=42660"},{"taxonomy":"post_tag","embeddable":true,"href":"https:\/\/2horizontes.com\/index.php?rest_route=%2Fwp%2Fv2%2Ftags&post=42660"}],"curies":[{"name":"wp","href":"https:\/\/api.w.org\/{rel}","templated":true}]}}