{"id":42608,"date":"2016-02-18T14:19:38","date_gmt":"2016-02-18T13:19:38","guid":{"rendered":"http:\/\/2horizontes.com\/?p=42608"},"modified":"2016-02-18T14:19:38","modified_gmt":"2016-02-18T13:19:38","slug":"una-foto-inedita-gano-el-premio-world-press-photo-2015","status":"publish","type":"post","link":"https:\/\/2horizontes.com\/?p=42608","title":{"rendered":"Una foto in\u00e9dita gan\u00f3 el premio World Press Photo 2015"},"content":{"rendered":"<p><strong>Mundo<\/strong><\/p>\n<p>\u00abEstuve <b>4 \u00f3 5 d\u00edas <\/b>y noches en la frontera, pero este momento fue muy veloz: los refugiados <b>ven\u00edan y ven\u00edan\u00bb,<\/b> declar\u00f3 el ganador durante una rueda de prensa, y a\u00f1adi\u00f3 que <b>no se dio cuenta<\/b> de que lo que estaban pasando a trav\u00e9s de la valla \u00abera un <b>beb\u00e9\u00bb.<\/b><\/p>\n<p>Richardson, que trabaja como freelancer, explic\u00f3 que la foto <b>nunca fue publicada.<\/b><\/p>\n<p>En la fotograf\u00eda, tomada el 28 de agosto de 2015 y titulada <b>\u00abEsperanza de una nueva vida\u00bb,<\/b> la Luna ilumina tanto la cara del hombre que toma al beb\u00e9 en sus manos como el cuerpo del ni\u00f1o.<\/p>\n<p>El hombre est\u00e1 medio agachado a un lado de la <b>frontera<\/b> entre <b>Serbia y Hungr\u00eda, <\/b>y con un evidente agotamiento en su rostro.<\/p>\n<p>Al otro lado de la frontera, unos brazos sujetan a la criatura y la pasan a trav\u00e9s de un agujero hecho en el <b>alambre de espino.<\/b><\/p>\n<div id=\"2176342-Grande-100996681_wrap\" class=\"embed_cont type_imagen\">\n<div id=\"2176342-Grande-100996681_opts\" class=\"embed_options\"><span id=\"2176342-Grande-100996681_colapse\" class=\"embed_colapse less\"><\/span> WORLD PRESS PHOTO 2015 1920 2<\/div>\n<div id=\"2176342-Grande-100996681_content\" class=\"embed_content\"><img decoding=\"async\" id=\"2176342-Grande-100996681_embed\" src=\"http:\/\/cdn01.am.infobae.com\/adjuntos\/163\/imagenes\/014\/278\/0014278584.jpg?0000-00-00-00-00-00\" alt=\"\" \/><\/div>\n<div id=\"2176342-Grande-100996681_epigrafe\" class=\"embed_epigrafe\">El premiado fot\u00f3grafo australiano Warren Richardson, quien trabaja como freelancer, explic\u00f3 que la desgarradora imagen nunca fue publicada.<\/div>\n<div id=\"2176342-Grande-100996681_copyright\" class=\"embed_copyright\"><\/div>\n<\/div>\n<p>Entre los premiados hay dos espa\u00f1oles, Daniel Ochoa de Olza, quien trabaja para la agencia de noticias estadounidense <i>Associated Press (AP)<\/i>, y el fot\u00f3grafo Sebasti\u00e1n Liste.<\/p>\n<p>Ochoa consigui\u00f3 el segundo y tercer premio en la categor\u00eda \u00abHistorias de personas\u00bb con las im\u00e1genes \u00abLa tradici\u00f3n maya\u00bb y \u00abV\u00edctimas de los ataques de Par\u00eds\u00bb.<\/p>\n<p>Liste, por su parte, se hizo con el tercer premio en la categor\u00eda \u00abHistorias de la vida diaria\u00bb por su instant\u00e1nea \u00abPeriodismo ciudadano en las favelas de Brasil\u00bb.<\/p>\n<p>Tambi\u00e9n fueron premiados en la categor\u00eda de \u00abNaturaleza\u00bb los <b>mexicanos Anuar Patjane,<\/b> quien logr\u00f3 el segundo puesto por \u00abBallenas que susurran\u00bb, y <b>Sergio Tapiro,<\/b> que con \u00abEl poder de la naturaleza\u00bb fue agraciado con el tercer premio.<\/p>\n<p>Un total de <b>5.775 fot\u00f3grafos<\/b> presentaron a concurso <b>85.000 instant\u00e1neas.<\/b><\/p>\n<p>El presidente del jurado, Francis Kohn, dijo que, durante el proceso de selecci\u00f3n, que dur\u00f3 dos semanas, intentaron mantener un balance entre calidad fotogr\u00e1fica y valor informativo.<\/p>\n<p>\u00abHemos recibido muchas im\u00e1genes que ten\u00edan que ver con la crisis de los <b>refugiados:<\/b> navegando en el oc\u00e9ano, cruzando vallas fronterizas, teniendo problemas con la Polic\u00eda. Tambi\u00e9n fotos de <b>Siria e Irak,<\/b> y muchas de los <b>ataques de Par\u00eds<\/b> en noviembre de 2015&#8243;.<\/p>\n<p>F. Infobae.<\/p>\n","protected":false},"excerpt":{"rendered":"<p>Mundo \u00abEstuve 4 \u00f3 5 d\u00edas y noches en la frontera, pero este momento fue muy veloz: los refugiados ven\u00edan y ven\u00edan\u00bb, declar\u00f3 el ganador durante una rueda de prensa, y a\u00f1adi\u00f3 que no se dio cuenta de que lo que estaban pasando a trav\u00e9s de la valla \u00abera un beb\u00e9\u00bb. Richardson, que trabaja como [&hellip;]<\/p>\n","protected":false},"author":7,"featured_media":42609,"comment_status":"open","ping_status":"open","sticky":false,"template":"","format":"standard","meta":{"footnotes":""},"categories":[62,40],"tags":[],"class_list":["post-42608","post","type-post","status-publish","format-standard","has-post-thumbnail","hentry","category-cultura","category-internacionales"],"_links":{"self":[{"href":"https:\/\/2horizontes.com\/index.php?rest_route=\/wp\/v2\/posts\/42608","targetHints":{"allow":["GET"]}}],"collection":[{"href":"https:\/\/2horizontes.com\/index.php?rest_route=\/wp\/v2\/posts"}],"about":[{"href":"https:\/\/2horizontes.com\/index.php?rest_route=\/wp\/v2\/types\/post"}],"author":[{"embeddable":true,"href":"https:\/\/2horizontes.com\/index.php?rest_route=\/wp\/v2\/users\/7"}],"replies":[{"embeddable":true,"href":"https:\/\/2horizontes.com\/index.php?rest_route=%2Fwp%2Fv2%2Fcomments&post=42608"}],"version-history":[{"count":1,"href":"https:\/\/2horizontes.com\/index.php?rest_route=\/wp\/v2\/posts\/42608\/revisions"}],"predecessor-version":[{"id":42610,"href":"https:\/\/2horizontes.com\/index.php?rest_route=\/wp\/v2\/posts\/42608\/revisions\/42610"}],"wp:featuredmedia":[{"embeddable":true,"href":"https:\/\/2horizontes.com\/index.php?rest_route=\/wp\/v2\/media\/42609"}],"wp:attachment":[{"href":"https:\/\/2horizontes.com\/index.php?rest_route=%2Fwp%2Fv2%2Fmedia&parent=42608"}],"wp:term":[{"taxonomy":"category","embeddable":true,"href":"https:\/\/2horizontes.com\/index.php?rest_route=%2Fwp%2Fv2%2Fcategories&post=42608"},{"taxonomy":"post_tag","embeddable":true,"href":"https:\/\/2horizontes.com\/index.php?rest_route=%2Fwp%2Fv2%2Ftags&post=42608"}],"curies":[{"name":"wp","href":"https:\/\/api.w.org\/{rel}","templated":true}]}}