{"id":42591,"date":"2016-02-18T13:56:50","date_gmt":"2016-02-18T12:56:50","guid":{"rendered":"http:\/\/2horizontes.com\/?p=42591"},"modified":"2016-02-18T13:56:50","modified_gmt":"2016-02-18T12:56:50","slug":"papa-pobreza-caldo-de-cultivo-para-caer-en-el-narcotrafico","status":"publish","type":"post","link":"https:\/\/2horizontes.com\/?p=42591","title":{"rendered":"Papa: pobreza, caldo de cultivo para caer en el narcotr\u00e1fico"},"content":{"rendered":"<div id=\"ArticleAuthorDiv\" class=\"article-body-author\"><b>AP<\/b><\/div>\n<div id=\"ArticleSourceDiv\" class=\"article-body-author\"><b>CIUDAD JUAREZ, M\u00e9xico<\/b><\/div>\n<div id=\"ArticleBody\">\n<p>El papa Francisco lament\u00f3 ayer la falta de oportunidades de trabajo y estudio que enfrentan los j\u00f3venes, y advirti\u00f3 que la pobreza genera el ambiente propicio para que sean atrapados por el narcotr\u00e1fico.<\/p>\n<p>Francisco pidi\u00f3 en un encuentro con trabajadores y empresarios pensar qu\u00e9 tipo de M\u00e9xico quieren legar a sus hijos. \u00ab\u00bfUn aire viciado por la corrupci\u00f3n, la violencia, la inseguridad y desconfianza o, por el contrario, un aire capaz de generar alternativas, generar, la palabra es clave, generar renovaci\u00f3n o cambio\u00e9\u00bb, pregunt\u00f3.<\/p>\n<p>Para el pont\u00edfice, la pobreza y la \u00abmarginaci\u00f3n es el mejor caldo de cultivo para que caigan en el c\u00edrculo del narcotr\u00e1fico y de la violencia\u00bb, y critic\u00f3 las mentalidades que ponen a las personas al servicio del capital.<\/p>\n<p>\u00abDios pedir\u00e1 cuenta a los esclavistas de nuestros d\u00edas\u00bb, dijo desde un centro educativo en Ciudad Ju\u00e1rez, fronteriza con El Paso, Texas.<\/p>\n<p>El presidente del Consejo Coordinador Empresarial, Juan Pablo Casta\u00f1\u00f3n, reconoci\u00f3 que el principal desaf\u00edo es promover el desarrollo en M\u00e9xico, donde cerca de la mitad de la poblaci\u00f3n vive en la pobreza y seis de cada 10 trabajadores est\u00e1n en la informalidad, sin seguridad social.<\/p>\n<p>\u00abEn Ju\u00e1rez hay mucho trabajo, pero con salarios muy pobres y no suficientes para que uno solo pueda mantener a toda la familia\u00bb, dijo Ubaldo Mart\u00ednez, trabajador de una maquiladora de 64 a\u00f1os.<\/p>\n<p>\u00abOjal\u00e1 que todo esto que dijo el papa ayude a que los empresarios pongan atenci\u00f3n en la situaci\u00f3n de los trabajadores y los salarios, que est\u00e1n muy mal\u00bb, coment\u00f3 Alicia Ju\u00e1rez, originaria del estado vecino de Coahuila y quien lleg\u00f3 a Ju\u00e1rez con ocho miembros de su familia.<\/p>\n<p>Francisco cierra el mi\u00e9rcoles una atareada visita de cinco d\u00edas que se centr\u00f3 en las injusticias que afrontan los m\u00e1s pobres, oprimidos y vulnerables en M\u00e9xico ante la violencia instigada por las drogas. El pont\u00edfice intent\u00f3 ofrecer consuelo al tiempo que reclam\u00f3 a los l\u00edderes pol\u00edticos y religiosos que no han cumplido con su pueblo.<\/p>\n<p>El papa tambi\u00e9n visit\u00f3 el mi\u00e9rcoles una c\u00e1rcel en Ciudad Ju\u00e1rez, donde advirti\u00f3 que los problemas de inseguridad no se acaban cuando se encarcela a alguien.<\/p>\n<p>A unos 700 internos de la que fuera una de las c\u00e1rceles m\u00e1s peligrosas del pa\u00eds el papa les pidi\u00f3 \u00abno quedar presos del pasado, del ayer\u00bb y \u00abaprender a abrir la puerta al futuro\u00bb.<\/p>\n<p>Pero su mensaje fue m\u00e1s amplio: \u00abEl problema de la seguridad no se agota solamente encarcelando, sino que es un llamado a intervenir afrontando las causas estructurales y culturales de la inseguridad, que afectan a todo el entramado social\u00bb.<\/p>\n<p>El papa suele ir a prisiones en casi todos sus viajes al extranjero, algo que forma parte de su antigua costumbre de atender a los presos en su creencia de que lo m\u00e1s bajo de la sociedad merece dignidad.<\/p>\n<p>La situaci\u00f3n de las c\u00e1rceles en M\u00e9xico suele ser de inseguridad y corrupci\u00f3n. Un d\u00eda antes de la llegada del papa, un mot\u00edn en otro penal dej\u00f3 49 presos muertos. El papa tendr\u00e1 una comida privada antes de oficiar una misa en la frontera entre M\u00e9xico y Estados Unidos, en la que se espera que env\u00ede un mensaje sobre la migraci\u00f3n.<\/p>\n<p>Hasta no hace mucho Ju\u00e1rez era considerada la capital mundial de los homicidios. La guerra entre c\u00e1rteles del narcotr\u00e1fico elev\u00f3 la tasa de homicidio a 230 por cada 100.000 habitantes en 2010. Una epidemia de asesinatos de mujeres, muchas de ellas trabajadoras pobres de f\u00e1bricas que simplemente desaparec\u00edan, atrajo la atenci\u00f3n internacional.<\/p>\n<p>Los tiempos han cambiado. En 2015 la tasa de homicidios de la ciudad fue de unas 20 por cada 100.000 personas, m\u00e1s cerca de la media nacional mexicana de 14 por cada 100.000 y muy por debajo de lo que registran ahora otros puntos de intensa violencia por el narcotr\u00e1fico como la ciudad tur\u00edstica de Acapulco, en la costa del Pac\u00edfico, y el estado de Guerrero donde se encuentra.<\/p>\n<p>Francisco culminar\u00e1 su visita con una misa multitudinaria al aire libre que se retransmitir\u00e1 en varias pantallas gigantes al otro lado del r\u00edo Bravo (conocido como r\u00edo Grande en Estados Unidos) en el Sun Bowl Stadium, donde las autoridades estadounidenses esperan un p\u00fablico de al menos 30.000 personas.<\/p>\n<p>La migraci\u00f3n es un tema importante para el pont\u00edfice. En el pasado ha pedido que los pa\u00edses den la bienvenida a los que huyen de la pobreza y la opresi\u00f3n y ha criticado lo que describe como la \u00abglobalizaci\u00f3n de la indiferencia\u00bb hacia los migrantes.<\/p>\n<p>Los aspirantes a la candidatura republicana a la presidencia Donald Trump y el senador Ted Cruz han prometido expulsar a los aproximadamente 11 millones de migrantes que viven de forma ilegal en Estados Unidos, as\u00ed como construir un muro que cubra toda la frontera de Texas a California.<\/p>\n<\/div>\n","protected":false},"excerpt":{"rendered":"<p>AP CIUDAD JUAREZ, M\u00e9xico El papa Francisco lament\u00f3 ayer la falta de oportunidades de trabajo y estudio que enfrentan los j\u00f3venes, y advirti\u00f3 que la pobreza genera el ambiente propicio para que sean atrapados por el narcotr\u00e1fico. Francisco pidi\u00f3 en un encuentro con trabajadores y empresarios pensar qu\u00e9 tipo de M\u00e9xico quieren legar a sus [&hellip;]<\/p>\n","protected":false},"author":7,"featured_media":42046,"comment_status":"open","ping_status":"open","sticky":false,"template":"","format":"standard","meta":{"footnotes":""},"categories":[40],"tags":[],"class_list":["post-42591","post","type-post","status-publish","format-standard","has-post-thumbnail","hentry","category-internacionales"],"_links":{"self":[{"href":"https:\/\/2horizontes.com\/index.php?rest_route=\/wp\/v2\/posts\/42591","targetHints":{"allow":["GET"]}}],"collection":[{"href":"https:\/\/2horizontes.com\/index.php?rest_route=\/wp\/v2\/posts"}],"about":[{"href":"https:\/\/2horizontes.com\/index.php?rest_route=\/wp\/v2\/types\/post"}],"author":[{"embeddable":true,"href":"https:\/\/2horizontes.com\/index.php?rest_route=\/wp\/v2\/users\/7"}],"replies":[{"embeddable":true,"href":"https:\/\/2horizontes.com\/index.php?rest_route=%2Fwp%2Fv2%2Fcomments&post=42591"}],"version-history":[{"count":1,"href":"https:\/\/2horizontes.com\/index.php?rest_route=\/wp\/v2\/posts\/42591\/revisions"}],"predecessor-version":[{"id":42592,"href":"https:\/\/2horizontes.com\/index.php?rest_route=\/wp\/v2\/posts\/42591\/revisions\/42592"}],"wp:featuredmedia":[{"embeddable":true,"href":"https:\/\/2horizontes.com\/index.php?rest_route=\/wp\/v2\/media\/42046"}],"wp:attachment":[{"href":"https:\/\/2horizontes.com\/index.php?rest_route=%2Fwp%2Fv2%2Fmedia&parent=42591"}],"wp:term":[{"taxonomy":"category","embeddable":true,"href":"https:\/\/2horizontes.com\/index.php?rest_route=%2Fwp%2Fv2%2Fcategories&post=42591"},{"taxonomy":"post_tag","embeddable":true,"href":"https:\/\/2horizontes.com\/index.php?rest_route=%2Fwp%2Fv2%2Ftags&post=42591"}],"curies":[{"name":"wp","href":"https:\/\/api.w.org\/{rel}","templated":true}]}}