{"id":42475,"date":"2016-02-17T11:37:13","date_gmt":"2016-02-17T10:37:13","guid":{"rendered":"http:\/\/2horizontes.com\/?p=42475"},"modified":"2016-02-17T11:37:13","modified_gmt":"2016-02-17T10:37:13","slug":"la-justicia-imputa-al-expresidente-frances-sarkozy-por-financiacion-ilegal-de-campana","status":"publish","type":"post","link":"https:\/\/2horizontes.com\/?p=42475","title":{"rendered":"La Justicia imputa al expresidente Franc\u00e9s Sarkozy por financiaci\u00f3n ilegal de campa\u00f1a"},"content":{"rendered":"<div id=\"ArticleAuthorDiv\" class=\"article-body-author\"><b>EFE<\/b><\/div>\n<div id=\"ArticleSourceDiv\" class=\"article-body-author\"><b>Par\u00eds<\/b><\/div>\n<div id=\"ArticleBody\">\n<p>El expresidente franc\u00e9s y l\u00edder de la oposici\u00f3n, Nicol\u00e1s Sarkozy, fue imputado ayer por financiaci\u00f3n ilegal de su campa\u00f1a electoral de 2012, en la que se sobrepas\u00f3 el gasto m\u00e1ximo fijado por la ley.<\/p>\n<p>Al t\u00e9rmino de un interrogatorio que se prolong\u00f3 durante casi doce horas, el pol\u00edtico conservador fue declarado adem\u00e1s \u00abtestigo asistido\u00bb, una figura a medio camino entre la imputaci\u00f3n y el simple testigo, por los cargos de fraude y abuso de confianza.<\/p>\n<p>El expresidente compareci\u00f3 por el \u00abcaso Bygmalion\u00bb, esc\u00e1ndalo que debe su nombre a una empresa que emiti\u00f3 falsas facturas por unos 18,5 millones de euros para que la Uni\u00f3n por un Movimiento Popular (UMP) asumiera gastos que en verdad correspond\u00edan a la campa\u00f1a.<\/p>\n<\/div>\n","protected":false},"excerpt":{"rendered":"<p>EFE Par\u00eds El expresidente franc\u00e9s y l\u00edder de la oposici\u00f3n, Nicol\u00e1s Sarkozy, fue imputado ayer por financiaci\u00f3n ilegal de su campa\u00f1a electoral de 2012, en la que se sobrepas\u00f3 el gasto m\u00e1ximo fijado por la ley. Al t\u00e9rmino de un interrogatorio que se prolong\u00f3 durante casi doce horas, el pol\u00edtico conservador fue declarado adem\u00e1s \u00abtestigo [&hellip;]<\/p>\n","protected":false},"author":7,"featured_media":42476,"comment_status":"open","ping_status":"open","sticky":false,"template":"","format":"standard","meta":{"footnotes":""},"categories":[86,40,43],"tags":[],"class_list":["post-42475","post","type-post","status-publish","format-standard","has-post-thumbnail","hentry","category-europa","category-internacionales","category-politica"],"_links":{"self":[{"href":"https:\/\/2horizontes.com\/index.php?rest_route=\/wp\/v2\/posts\/42475","targetHints":{"allow":["GET"]}}],"collection":[{"href":"https:\/\/2horizontes.com\/index.php?rest_route=\/wp\/v2\/posts"}],"about":[{"href":"https:\/\/2horizontes.com\/index.php?rest_route=\/wp\/v2\/types\/post"}],"author":[{"embeddable":true,"href":"https:\/\/2horizontes.com\/index.php?rest_route=\/wp\/v2\/users\/7"}],"replies":[{"embeddable":true,"href":"https:\/\/2horizontes.com\/index.php?rest_route=%2Fwp%2Fv2%2Fcomments&post=42475"}],"version-history":[{"count":1,"href":"https:\/\/2horizontes.com\/index.php?rest_route=\/wp\/v2\/posts\/42475\/revisions"}],"predecessor-version":[{"id":42477,"href":"https:\/\/2horizontes.com\/index.php?rest_route=\/wp\/v2\/posts\/42475\/revisions\/42477"}],"wp:featuredmedia":[{"embeddable":true,"href":"https:\/\/2horizontes.com\/index.php?rest_route=\/wp\/v2\/media\/42476"}],"wp:attachment":[{"href":"https:\/\/2horizontes.com\/index.php?rest_route=%2Fwp%2Fv2%2Fmedia&parent=42475"}],"wp:term":[{"taxonomy":"category","embeddable":true,"href":"https:\/\/2horizontes.com\/index.php?rest_route=%2Fwp%2Fv2%2Fcategories&post=42475"},{"taxonomy":"post_tag","embeddable":true,"href":"https:\/\/2horizontes.com\/index.php?rest_route=%2Fwp%2Fv2%2Ftags&post=42475"}],"curies":[{"name":"wp","href":"https:\/\/api.w.org\/{rel}","templated":true}]}}