{"id":42406,"date":"2016-02-16T15:09:08","date_gmt":"2016-02-16T14:09:08","guid":{"rendered":"http:\/\/2horizontes.com\/?p=42406"},"modified":"2016-02-16T15:09:08","modified_gmt":"2016-02-16T14:09:08","slug":"vizquel-esta-emocionado-por-dirigir-la-seleccion-venezolana-en-el-mundial-de-beisbol","status":"publish","type":"post","link":"https:\/\/2horizontes.com\/?p=42406","title":{"rendered":"Vizquel esta emocionado por dirigir la selecci\u00f3n venezolana en el mundial de Beisbol"},"content":{"rendered":"<p>Venezuela.- Omar Vizquel no oculta la emoci\u00f3n que le causa ser el manager de la selecci\u00f3n nacional que asistir\u00e1 en representaci\u00f3n de Venezuela al pr\u00f3ximo Cl\u00e1sico Mundial de beisbol, en marzo de 2017.<\/p>\n<p>El 11 veces ganador del Guante de Oro en las Grandes Ligas fue nombrado para ese cargo este lunes, tras una reuni\u00f3n de directorio de la Federaci\u00f3n Venezolana de Beisbol. Era uno de 11 candidatos al cargo y el \u00fanico que hasta ahora no hab\u00eda ejercido el rol de piloto oficialmente.<\/p>\n<p>\u201cSignifica un prestigio incre\u00edble dirigir la selecci\u00f3n\u201d, dijo Vizquel, feliz, al otro lado de la v\u00eda telef\u00f3nica. \u201cVamos a tener un equipo con peloteros muy buenos, que est\u00e1n en la c\u00faspide de su carrera. Un equipo que va a ser uno de los favoritos. Vamos a dar mucho de qu\u00e9 hablar\u201d.<\/p>\n<p>Vizquel, que tambi\u00e9n es coach de primera base de los Tigres de Detroit, admiti\u00f3 que \u201cla responsabilidad va a ser grand\u00edsima\u201d, pero le entusiasma el reto.<\/p>\n<p>\u201cEstoy contento, muy contento, y ansioso, muy ansioso de hablar con los peloteros\u201d, relat\u00f3. \u201cEsto siempre ha sido un sue\u00f1o para m\u00ed. Tener a estos peloteros, es incre\u00edble. De verdad que estoy muy contento\u201d.<\/p>\n<p>Vizquel espera iniciar contactos con posibles preseleccionados durante la realizaci\u00f3n del spring training de la MLB, pues en los campos de entrenamiento de Florida se topar\u00e1 con varios de ellos.<\/p>\n<p>\u201cLa comunicaci\u00f3n entre nosotros va a ser muy importante\u201d, dijo. \u201cYa conozco a la mayor\u00eda de ellos, y el respeto existe entre las partes. Estas cosas que me han hecho exitoso, tratar\u00e9 de aplicarlas en la selecci\u00f3n\u201d.<\/p>\n<p>El Nacional.<\/p>\n","protected":false},"excerpt":{"rendered":"<p>Venezuela.- Omar Vizquel no oculta la emoci\u00f3n que le causa ser el manager de la selecci\u00f3n nacional que asistir\u00e1 en representaci\u00f3n de Venezuela al pr\u00f3ximo Cl\u00e1sico Mundial de beisbol, en marzo de 2017. El 11 veces ganador del Guante de Oro en las Grandes Ligas fue nombrado para ese cargo este lunes, tras una reuni\u00f3n [&hellip;]<\/p>\n","protected":false},"author":13240,"featured_media":42407,"comment_status":"open","ping_status":"open","sticky":false,"template":"","format":"standard","meta":{"footnotes":""},"categories":[42,48],"tags":[],"class_list":["post-42406","post","type-post","status-publish","format-standard","has-post-thumbnail","hentry","category-deportes","category-venezuela"],"_links":{"self":[{"href":"https:\/\/2horizontes.com\/index.php?rest_route=\/wp\/v2\/posts\/42406","targetHints":{"allow":["GET"]}}],"collection":[{"href":"https:\/\/2horizontes.com\/index.php?rest_route=\/wp\/v2\/posts"}],"about":[{"href":"https:\/\/2horizontes.com\/index.php?rest_route=\/wp\/v2\/types\/post"}],"author":[{"embeddable":true,"href":"https:\/\/2horizontes.com\/index.php?rest_route=\/wp\/v2\/users\/13240"}],"replies":[{"embeddable":true,"href":"https:\/\/2horizontes.com\/index.php?rest_route=%2Fwp%2Fv2%2Fcomments&post=42406"}],"version-history":[{"count":1,"href":"https:\/\/2horizontes.com\/index.php?rest_route=\/wp\/v2\/posts\/42406\/revisions"}],"predecessor-version":[{"id":42408,"href":"https:\/\/2horizontes.com\/index.php?rest_route=\/wp\/v2\/posts\/42406\/revisions\/42408"}],"wp:featuredmedia":[{"embeddable":true,"href":"https:\/\/2horizontes.com\/index.php?rest_route=\/wp\/v2\/media\/42407"}],"wp:attachment":[{"href":"https:\/\/2horizontes.com\/index.php?rest_route=%2Fwp%2Fv2%2Fmedia&parent=42406"}],"wp:term":[{"taxonomy":"category","embeddable":true,"href":"https:\/\/2horizontes.com\/index.php?rest_route=%2Fwp%2Fv2%2Fcategories&post=42406"},{"taxonomy":"post_tag","embeddable":true,"href":"https:\/\/2horizontes.com\/index.php?rest_route=%2Fwp%2Fv2%2Ftags&post=42406"}],"curies":[{"name":"wp","href":"https:\/\/api.w.org\/{rel}","templated":true}]}}