{"id":42339,"date":"2016-02-15T22:17:07","date_gmt":"2016-02-15T21:17:07","guid":{"rendered":"http:\/\/2horizontes.com\/?p=42339"},"modified":"2016-02-15T22:27:28","modified_gmt":"2016-02-15T21:27:28","slug":"la-universidad-de-el-cairo-prohibe-a-las-medicas-trabajar-con-el-niqab","status":"publish","type":"post","link":"https:\/\/2horizontes.com\/?p=42339","title":{"rendered":"La Universidad de El Cairo proh\u00edbe a las m\u00e9dicas trabajar con el \u00abniqab\u00bb"},"content":{"rendered":"<p class=\"pg-dateline\"><span class=\"byline\">EFE<\/span> <small class=\"timestamp\"><br \/>\n<\/small><\/p>\n<div class=\"mce-body mce\">\n<p>La Universidad de El Cairo, la principal de Egipto, ha prohibido a las m\u00e9dicas y enfermeras usar el \u00ab<span class=\"classCadenaBusqueda\">niqab<\/span>\u00bb o velo que cubre todo el rostro menos los ojos durante el desempe\u00f1o de su trabajo en los hospitales dependientes del centro.<\/p>\n<p>La resoluci\u00f3n, adoptada por el rector Gaber Nasar se aplica desde ayer en los hospitales cairotas de Qasr al Aini y Al Faransaui, as\u00ed como en todos los centros de salud universitarios, informaron hoy varios medios egipcios.<\/p>\n<p>Nasar dijo que la normativa, difundida \u00edntegramente por el diario estatal Al Ahram en su edici\u00f3n digital, fue adoptada para favorecer el trabajo y \u00abpreservar los derechos de los enfermos\u00bb.<\/p>\n<p>La medida deber\u00e1 ser cumplida adem\u00e1s por las profesoras de la Facultad de Medicina, las m\u00e9dicas residentes y las auxiliares de enfermer\u00eda.<\/p>\n<p>Los ulemas de Al Azhar -la principal instituci\u00f3n religiosa del islam sun\u00ed en el mundo- y con sede en Egipto, no consideran el \u00ab<span class=\"classCadenaBusqueda\">niqab<\/span>\u00bb una prenda obligatoria para la mujer.<\/p>\n<p>Desde septiembre pasado, el personal acad\u00e9mico de todas las facultades de la Universidad de El Cairo tiene prohibido el uso de este velo en las clases pr\u00e1cticas y te\u00f3ricas ni en los laboratorios.<\/p>\n<p>Esta medida fue denunciada ante los tribunales por inconstitucional por decenas de profesoras, pero la Corte Administrativa de Egipto dio el pasado enero la raz\u00f3n al rector.<\/p>\n<p>Nasar explic\u00f3 entonces a Efe que la prohibici\u00f3n no afecta a las alumnas y que, en cuanto a las profesoras, se limita a las aulas y no a todo el recinto del campus.<\/p>\n<p>Desde hace a\u00f1os, muchas universidades egipcias han prohibido el uso del \u00ab<span class=\"classCadenaBusqueda\">niqab<\/span>\u00bb a las alumnas durante los ex\u00e1menes, una decisi\u00f3n que tambi\u00e9n ha tenido su historia en los tribunales.<\/p>\n<\/div>\n","protected":false},"excerpt":{"rendered":"<p>EFE La Universidad de El Cairo, la principal de Egipto, ha prohibido a las m\u00e9dicas y enfermeras usar el \u00abniqab\u00bb o velo que cubre todo el rostro menos los ojos durante el desempe\u00f1o de su trabajo en los hospitales dependientes del centro. La resoluci\u00f3n, adoptada por el rector Gaber Nasar se aplica desde ayer en [&hellip;]<\/p>\n","protected":false},"author":13240,"featured_media":42340,"comment_status":"open","ping_status":"open","sticky":false,"template":"","format":"standard","meta":{"footnotes":""},"categories":[40],"tags":[],"class_list":["post-42339","post","type-post","status-publish","format-standard","has-post-thumbnail","hentry","category-internacionales"],"_links":{"self":[{"href":"https:\/\/2horizontes.com\/index.php?rest_route=\/wp\/v2\/posts\/42339","targetHints":{"allow":["GET"]}}],"collection":[{"href":"https:\/\/2horizontes.com\/index.php?rest_route=\/wp\/v2\/posts"}],"about":[{"href":"https:\/\/2horizontes.com\/index.php?rest_route=\/wp\/v2\/types\/post"}],"author":[{"embeddable":true,"href":"https:\/\/2horizontes.com\/index.php?rest_route=\/wp\/v2\/users\/13240"}],"replies":[{"embeddable":true,"href":"https:\/\/2horizontes.com\/index.php?rest_route=%2Fwp%2Fv2%2Fcomments&post=42339"}],"version-history":[{"count":3,"href":"https:\/\/2horizontes.com\/index.php?rest_route=\/wp\/v2\/posts\/42339\/revisions"}],"predecessor-version":[{"id":42343,"href":"https:\/\/2horizontes.com\/index.php?rest_route=\/wp\/v2\/posts\/42339\/revisions\/42343"}],"wp:featuredmedia":[{"embeddable":true,"href":"https:\/\/2horizontes.com\/index.php?rest_route=\/wp\/v2\/media\/42340"}],"wp:attachment":[{"href":"https:\/\/2horizontes.com\/index.php?rest_route=%2Fwp%2Fv2%2Fmedia&parent=42339"}],"wp:term":[{"taxonomy":"category","embeddable":true,"href":"https:\/\/2horizontes.com\/index.php?rest_route=%2Fwp%2Fv2%2Fcategories&post=42339"},{"taxonomy":"post_tag","embeddable":true,"href":"https:\/\/2horizontes.com\/index.php?rest_route=%2Fwp%2Fv2%2Ftags&post=42339"}],"curies":[{"name":"wp","href":"https:\/\/api.w.org\/{rel}","templated":true}]}}