{"id":42304,"date":"2016-02-15T17:57:14","date_gmt":"2016-02-15T16:57:14","guid":{"rendered":"http:\/\/2horizontes.com\/?p=42304"},"modified":"2016-02-15T17:57:14","modified_gmt":"2016-02-15T16:57:14","slug":"activista-lgbti-argentino-sufre-una-agresion-de-grupos-neo-nazis","status":"publish","type":"post","link":"https:\/\/2horizontes.com\/?p=42304","title":{"rendered":"Activista LGBTI argentino sufre una agresi\u00f3n de grupos neo-nazis"},"content":{"rendered":"<p>El activista LGBTI argentino Javier Moreno fue agredido en la ciudad de Mar del Plata por grupos neo-nazis. Hab\u00eda sido amenazado de muerte meses atr\u00e1s.<\/p>\n<p>El hecho se desarroll\u00f3 durante la madrugada del s\u00e1bado, cuando el bar del activista fue destrozado por grupos neo-nazis.<\/p>\n<p>Moreno es el Presidente de la Asociaci\u00f3n Marplatense por la Diversidad Sexual, y ya hab\u00eda sido amenazado por estos mismos grupos meses atr\u00e1s. Incluso, seg\u00fan informan desde la entidad, tuvo asignada custiodia policial durante varias semanas, mientras la investigaci\u00f3n del caso tramita en los juzgados.<\/p>\n<p>En declaraciones period\u00edsticas Moreno expres\u00f3: \u201cEl lugar ya estaba cerrado y desde adentro comenzamos a sentir los ruidos de c\u00f3mo romp\u00edan los vidrios del frente\u201d. Asimismo agreg\u00f3 \u00abEl Rusito (uno de los integrantes de la banda) estaba con un arma en el medio de la calle, hab\u00eda otro con un cuchillo en la mano y el resto con palos con cemento.<\/p>\n<p>Nosotros pod\u00edamos ver todo desde el interior por las c\u00e1maras de seguridad. Tenemos m\u00e1s de 50 testigos de la agresi\u00f3n\u201d.<\/p>\n","protected":false},"excerpt":{"rendered":"<p>El activista LGBTI argentino Javier Moreno fue agredido en la ciudad de Mar del Plata por grupos neo-nazis. Hab\u00eda sido amenazado de muerte meses atr\u00e1s. El hecho se desarroll\u00f3 durante la madrugada del s\u00e1bado, cuando el bar del activista fue destrozado por grupos neo-nazis. Moreno es el Presidente de la Asociaci\u00f3n Marplatense por la Diversidad [&hellip;]<\/p>\n","protected":false},"author":3,"featured_media":42305,"comment_status":"open","ping_status":"open","sticky":false,"template":"","format":"standard","meta":{"footnotes":""},"categories":[57],"tags":[],"class_list":["post-42304","post","type-post","status-publish","format-standard","has-post-thumbnail","hentry","category-mundo-gay"],"_links":{"self":[{"href":"https:\/\/2horizontes.com\/index.php?rest_route=\/wp\/v2\/posts\/42304","targetHints":{"allow":["GET"]}}],"collection":[{"href":"https:\/\/2horizontes.com\/index.php?rest_route=\/wp\/v2\/posts"}],"about":[{"href":"https:\/\/2horizontes.com\/index.php?rest_route=\/wp\/v2\/types\/post"}],"author":[{"embeddable":true,"href":"https:\/\/2horizontes.com\/index.php?rest_route=\/wp\/v2\/users\/3"}],"replies":[{"embeddable":true,"href":"https:\/\/2horizontes.com\/index.php?rest_route=%2Fwp%2Fv2%2Fcomments&post=42304"}],"version-history":[{"count":1,"href":"https:\/\/2horizontes.com\/index.php?rest_route=\/wp\/v2\/posts\/42304\/revisions"}],"predecessor-version":[{"id":42306,"href":"https:\/\/2horizontes.com\/index.php?rest_route=\/wp\/v2\/posts\/42304\/revisions\/42306"}],"wp:featuredmedia":[{"embeddable":true,"href":"https:\/\/2horizontes.com\/index.php?rest_route=\/wp\/v2\/media\/42305"}],"wp:attachment":[{"href":"https:\/\/2horizontes.com\/index.php?rest_route=%2Fwp%2Fv2%2Fmedia&parent=42304"}],"wp:term":[{"taxonomy":"category","embeddable":true,"href":"https:\/\/2horizontes.com\/index.php?rest_route=%2Fwp%2Fv2%2Fcategories&post=42304"},{"taxonomy":"post_tag","embeddable":true,"href":"https:\/\/2horizontes.com\/index.php?rest_route=%2Fwp%2Fv2%2Ftags&post=42304"}],"curies":[{"name":"wp","href":"https:\/\/api.w.org\/{rel}","templated":true}]}}