{"id":42288,"date":"2016-02-15T16:30:33","date_gmt":"2016-02-15T15:30:33","guid":{"rendered":"http:\/\/2horizontes.com\/?p=42288"},"modified":"2016-02-15T16:30:33","modified_gmt":"2016-02-15T15:30:33","slug":"fidel-castro-dice-que-la-reunion-el-papa-y-kiril-ha-dado-esperanza-al-mundo","status":"publish","type":"post","link":"https:\/\/2horizontes.com\/?p=42288","title":{"rendered":"Fidel Castro dice que la reuni\u00f3n el papa y Kiril ha dado \u201cesperanza\u201d al mundo"},"content":{"rendered":"<div id=\"p_p_id_contentviewerportlet_WAR_newsportlet_INSTANCE_ed50c63be8d34f72a3c64a7436af2f73_\" class=\"portlet-boundary portlet-boundary_contentviewerportlet_WAR_newsportlet_  portlet-static portlet-static-end content-viewer-portlet \">\n<div class=\"td-portlet\">\n<section id=\"portlet_contentviewerportlet_WAR_newsportlet_INSTANCE_ed50c63be8d34f72a3c64a7436af2f73\" class=\"portlet\">\n<div class=\"portlet-content\">\n<div class=\" portlet-content-container\">\n<div class=\"portlet-body\">\n<div class=\"last td-viewer full-access\">\n<div class=\"detalle-texto\">\n<div class=\"text\">\n<p>LA HABANA. El expresidente cubano Fidel Castro considera que la \u201csingular importancia\u201d del encuentro del papa Francisco y el patriarca ortodoxo ruso Kiril en La Habana es que ha suscitado \u201cla esperanza\u201d de los pueblos del mundo, seg\u00fan indica en un art\u00edculo publicado hoy en los principales medios de la isla.<\/p>\n<p>\u201cImpedir la m\u00e1s brutal de las guerras que puede desatarse ha sido sin duda el objetivo fundamental del esfuerzo de los l\u00edderes religiosos de las iglesias dirigidas por hombres como el papa Francisco, sumo pont\u00edfice de la Iglesia cat\u00f3lica y su santidad Kirill, Patriarca de Mosc\u00fa y de Toda Rusia\u201d, subraya Castro.<\/p>\n<p>Fidel Castro cree que \u201cluchar por la paz es el deber m\u00e1s sagrado de todos los seres humanos, cualesquiera que sean sus religiones o pa\u00eds de nacimiento, el color de su piel, su edad adulta o su juventud\u201d, sostiene.<\/p>\n<p>\u201cTristemente, casi todas las religiones han tenido que lamentar el hecho destructor de las guerras y sus terribles consecuencias\u201d, se\u00f1ala el l\u00edder de la revoluci\u00f3n cubana, de 89 a\u00f1os y retirado del poder desde 2006.<\/p>\n<p>En ese sentido, Castro se\u00f1al\u00f3 que \u201ca esas tareas han tenido que dedicar las mayores energ\u00edas\u201d.<\/p>\n<p>Asimismo resalt\u00f3 que la paz ha sido el \u201csue\u00f1o dorado\u201d de la humanidad y \u201canhelo\u201d de los pueblos en cada momento de la historia, y advierte que \u201cmiles de armas nucleares penden sobre las cabezas de la humanidad\u201d.<\/p>\n<p>Fidel Castro y el patriarca de la Iglesia Ortodoxa de Rusia, Kiril, conversaron sobre temas como la preservaci\u00f3n de la paz y la supervivencia humana, en el encuentro celebrado el pasado s\u00e1bado en el curso de la visita que el jerarca religioso concluy\u00f3 el domingo en La Habana.<\/p>\n<p>De esa reuni\u00f3n, los medios oficiales de la isla divulgaron un serial de fotos, las primeras desde las im\u00e1genes publicadas en septiembre de 2015 tras la entrevista que Fidel Castro mantuvo con el papa Francisco, durante la visita pastoral realizada por el pont\u00edfice a Cuba.<\/p>\n<p>El pasado viernes, el papa Francisco y el patriarca Kiril mantuvieron una hist\u00f3rica reuni\u00f3n en el Aeropuerto de La Habana, la primera de un pont\u00edfice cat\u00f3lico y un l\u00edder de la Iglesia ortodoxa desde el cisma de 1054.<\/p>\n<\/div>\n<\/div>\n<\/div>\n<\/div>\n<\/div>\n<\/div>\n<\/section>\n<\/div>\n<\/div>\n","protected":false},"excerpt":{"rendered":"<p>LA HABANA. El expresidente cubano Fidel Castro considera que la \u201csingular importancia\u201d del encuentro del papa Francisco y el patriarca ortodoxo ruso Kiril en La Habana es que ha suscitado \u201cla esperanza\u201d de los pueblos del mundo, seg\u00fan indica en un art\u00edculo publicado hoy en los principales medios de la isla. \u201cImpedir la m\u00e1s brutal [&hellip;]<\/p>\n","protected":false},"author":13240,"featured_media":42289,"comment_status":"open","ping_status":"open","sticky":false,"template":"","format":"standard","meta":{"footnotes":""},"categories":[49,40,43],"tags":[],"class_list":["post-42288","post","type-post","status-publish","format-standard","has-post-thumbnail","hentry","category-cuba","category-internacionales","category-politica"],"_links":{"self":[{"href":"https:\/\/2horizontes.com\/index.php?rest_route=\/wp\/v2\/posts\/42288","targetHints":{"allow":["GET"]}}],"collection":[{"href":"https:\/\/2horizontes.com\/index.php?rest_route=\/wp\/v2\/posts"}],"about":[{"href":"https:\/\/2horizontes.com\/index.php?rest_route=\/wp\/v2\/types\/post"}],"author":[{"embeddable":true,"href":"https:\/\/2horizontes.com\/index.php?rest_route=\/wp\/v2\/users\/13240"}],"replies":[{"embeddable":true,"href":"https:\/\/2horizontes.com\/index.php?rest_route=%2Fwp%2Fv2%2Fcomments&post=42288"}],"version-history":[{"count":1,"href":"https:\/\/2horizontes.com\/index.php?rest_route=\/wp\/v2\/posts\/42288\/revisions"}],"predecessor-version":[{"id":42290,"href":"https:\/\/2horizontes.com\/index.php?rest_route=\/wp\/v2\/posts\/42288\/revisions\/42290"}],"wp:featuredmedia":[{"embeddable":true,"href":"https:\/\/2horizontes.com\/index.php?rest_route=\/wp\/v2\/media\/42289"}],"wp:attachment":[{"href":"https:\/\/2horizontes.com\/index.php?rest_route=%2Fwp%2Fv2%2Fmedia&parent=42288"}],"wp:term":[{"taxonomy":"category","embeddable":true,"href":"https:\/\/2horizontes.com\/index.php?rest_route=%2Fwp%2Fv2%2Fcategories&post=42288"},{"taxonomy":"post_tag","embeddable":true,"href":"https:\/\/2horizontes.com\/index.php?rest_route=%2Fwp%2Fv2%2Ftags&post=42288"}],"curies":[{"name":"wp","href":"https:\/\/api.w.org\/{rel}","templated":true}]}}