{"id":42279,"date":"2016-02-15T15:47:18","date_gmt":"2016-02-15T14:47:18","guid":{"rendered":"http:\/\/2horizontes.com\/?p=42279"},"modified":"2016-02-15T15:47:18","modified_gmt":"2016-02-15T14:47:18","slug":"un-policia-muerto-y-tres-heridos-en-zona-limitrofe-colombo-venezolana","status":"publish","type":"post","link":"https:\/\/2horizontes.com\/?p=42279","title":{"rendered":"Un polic\u00eda muerto y tres heridos en zona lim\u00edtrofe colombo-venezolana"},"content":{"rendered":"<div class=\"mce-body mce\">\n<p>Un polic\u00eda muerto y tres heridos dejaron este domingo un ataque por armas de fuego perpetrado por desconocidos en el casco urbano de una poblaci\u00f3n del departamento de Norte de Santander, lim\u00edtrofe con Venezuela.<\/p>\n<p>La acci\u00f3n se registr\u00f3 en el corregimiento Otar\u00e9, del municipio de Oca\u00f1a, inform\u00f3 el secretario de Gobierno de Norte de Santander, Yebrail Haddad.<\/p>\n<p>\u201cRepudiamos ataque plan pistola en Otar\u00e9 que deja un polic\u00eda muerto, un herido y dos civiles heridos\u201d,\u00a0afirm\u00f3 el secretario.<\/p>\n<p>Haddad explic\u00f3 que el hecho ocurri\u00f3 en el casco urbano de la poblaci\u00f3n en momentos en que los polic\u00edas almorzaban en un restaurante, rese\u00f1o EFE.<\/p>\n<p>Aunque ning\u00fan grupo se ha atribuido la acci\u00f3n, \u00e9sta ocurri\u00f3\u00a0en la primera jornada del \u201cparo armado\u201d anunciado este viernes por el Ejercito Liberaci\u00f3n Nacional (ELN), en su cuenta Twitter desde el 14 al 17 de febrero, en memoria a los cincuenta a\u00f1os de la muerte del sacerdote Camilo Torres Restrepo.<\/p>\n<p>EFE<\/p>\n<\/div>\n","protected":false},"excerpt":{"rendered":"<p>Un polic\u00eda muerto y tres heridos dejaron este domingo un ataque por armas de fuego perpetrado por desconocidos en el casco urbano de una poblaci\u00f3n del departamento de Norte de Santander, lim\u00edtrofe con Venezuela. La acci\u00f3n se registr\u00f3 en el corregimiento Otar\u00e9, del municipio de Oca\u00f1a, inform\u00f3 el secretario de Gobierno de Norte de Santander, [&hellip;]<\/p>\n","protected":false},"author":13240,"featured_media":42280,"comment_status":"open","ping_status":"open","sticky":false,"template":"","format":"standard","meta":{"footnotes":""},"categories":[40,53,48],"tags":[],"class_list":["post-42279","post","type-post","status-publish","format-standard","has-post-thumbnail","hentry","category-internacionales","category-provincias","category-venezuela"],"_links":{"self":[{"href":"https:\/\/2horizontes.com\/index.php?rest_route=\/wp\/v2\/posts\/42279","targetHints":{"allow":["GET"]}}],"collection":[{"href":"https:\/\/2horizontes.com\/index.php?rest_route=\/wp\/v2\/posts"}],"about":[{"href":"https:\/\/2horizontes.com\/index.php?rest_route=\/wp\/v2\/types\/post"}],"author":[{"embeddable":true,"href":"https:\/\/2horizontes.com\/index.php?rest_route=\/wp\/v2\/users\/13240"}],"replies":[{"embeddable":true,"href":"https:\/\/2horizontes.com\/index.php?rest_route=%2Fwp%2Fv2%2Fcomments&post=42279"}],"version-history":[{"count":1,"href":"https:\/\/2horizontes.com\/index.php?rest_route=\/wp\/v2\/posts\/42279\/revisions"}],"predecessor-version":[{"id":42281,"href":"https:\/\/2horizontes.com\/index.php?rest_route=\/wp\/v2\/posts\/42279\/revisions\/42281"}],"wp:featuredmedia":[{"embeddable":true,"href":"https:\/\/2horizontes.com\/index.php?rest_route=\/wp\/v2\/media\/42280"}],"wp:attachment":[{"href":"https:\/\/2horizontes.com\/index.php?rest_route=%2Fwp%2Fv2%2Fmedia&parent=42279"}],"wp:term":[{"taxonomy":"category","embeddable":true,"href":"https:\/\/2horizontes.com\/index.php?rest_route=%2Fwp%2Fv2%2Fcategories&post=42279"},{"taxonomy":"post_tag","embeddable":true,"href":"https:\/\/2horizontes.com\/index.php?rest_route=%2Fwp%2Fv2%2Ftags&post=42279"}],"curies":[{"name":"wp","href":"https:\/\/api.w.org\/{rel}","templated":true}]}}