{"id":42244,"date":"2016-02-15T12:54:23","date_gmt":"2016-02-15T11:54:23","guid":{"rendered":"http:\/\/2horizontes.com\/?p=42244"},"modified":"2016-02-15T12:54:23","modified_gmt":"2016-02-15T11:54:23","slug":"el-consejo-presidencial-de-libia-anuncio-la-formacion-de-un-gobierno-de-unidad","status":"publish","type":"post","link":"https:\/\/2horizontes.com\/?p=42244","title":{"rendered":"El Consejo Presidencial de Libia anunci\u00f3 la formaci\u00f3n de un gobierno de unidad"},"content":{"rendered":"<p><strong>Libia<\/strong><\/p>\n<p>El Consejo Presidencial libio, apoyado por Naciones Unidas, anunci\u00f3 el domingo la formaci\u00f3n de un gobierno de unidad nacional, <b>cuya composici\u00f3n se present\u00f3 al parlamento libio reconocido por la comunidad internacional<\/b>.<\/p>\n<p>\u00abEl gobierno se ha formado hoy y <b>[su composici\u00f3n] se ha remitido al parlamento<\/b>\u00ab, declar\u00f3 durante una rueda de prensa el vocero del Consejo Presidencial, Fathi al Mejebri.<\/p>\n<p>Las negociaciones para la formaci\u00f3n de un gobierno de unidad nacional, tal y como desea la comunidad internacional, se llevan a cabo <b>en Sjirat, en Marruecos<\/b>.<\/p>\n<p>El Consejo Presidencial est\u00e1 compuesto por <b>nueve miembros de facciones rivales libias<\/b>, <b>encabezados por Fayez al Sarrj<\/b>, un empresario llamado a convertirse en primer ministro, seg\u00fan un acuerdo cerrado bajo la \u00e9gida de Naciones Unidas.<\/p>\n<p>Tras anunciar la formaci\u00f3n del gobierno, el vocero declar\u00f3: \u00abEsperamos que <b>esto sea el principio del fin del conflicto<\/b> en Libia\u00bb.<\/p>\n<p>El parlamento reconocido, con sede en Tobruk (este), deber\u00eda votar el lunes o martes si da el visto bueno a este gobierno de unidad nacional.<\/p>\n<p>Libia cuenta tambi\u00e9n con <b>otro parlamento no reconocido internacionalmente<\/b>, cuya sede est\u00e1 en la capital libia, Tr\u00edpoli.<\/p>\n<p>&nbsp;<\/p>\n<p>F. Infobae.<\/p>\n","protected":false},"excerpt":{"rendered":"<p>Libia El Consejo Presidencial libio, apoyado por Naciones Unidas, anunci\u00f3 el domingo la formaci\u00f3n de un gobierno de unidad nacional, cuya composici\u00f3n se present\u00f3 al parlamento libio reconocido por la comunidad internacional. \u00abEl gobierno se ha formado hoy y [su composici\u00f3n] se ha remitido al parlamento\u00ab, declar\u00f3 durante una rueda de prensa el vocero del [&hellip;]<\/p>\n","protected":false},"author":7,"featured_media":42245,"comment_status":"open","ping_status":"open","sticky":false,"template":"","format":"standard","meta":{"footnotes":""},"categories":[40,43],"tags":[],"class_list":["post-42244","post","type-post","status-publish","format-standard","has-post-thumbnail","hentry","category-internacionales","category-politica"],"_links":{"self":[{"href":"https:\/\/2horizontes.com\/index.php?rest_route=\/wp\/v2\/posts\/42244","targetHints":{"allow":["GET"]}}],"collection":[{"href":"https:\/\/2horizontes.com\/index.php?rest_route=\/wp\/v2\/posts"}],"about":[{"href":"https:\/\/2horizontes.com\/index.php?rest_route=\/wp\/v2\/types\/post"}],"author":[{"embeddable":true,"href":"https:\/\/2horizontes.com\/index.php?rest_route=\/wp\/v2\/users\/7"}],"replies":[{"embeddable":true,"href":"https:\/\/2horizontes.com\/index.php?rest_route=%2Fwp%2Fv2%2Fcomments&post=42244"}],"version-history":[{"count":1,"href":"https:\/\/2horizontes.com\/index.php?rest_route=\/wp\/v2\/posts\/42244\/revisions"}],"predecessor-version":[{"id":42246,"href":"https:\/\/2horizontes.com\/index.php?rest_route=\/wp\/v2\/posts\/42244\/revisions\/42246"}],"wp:featuredmedia":[{"embeddable":true,"href":"https:\/\/2horizontes.com\/index.php?rest_route=\/wp\/v2\/media\/42245"}],"wp:attachment":[{"href":"https:\/\/2horizontes.com\/index.php?rest_route=%2Fwp%2Fv2%2Fmedia&parent=42244"}],"wp:term":[{"taxonomy":"category","embeddable":true,"href":"https:\/\/2horizontes.com\/index.php?rest_route=%2Fwp%2Fv2%2Fcategories&post=42244"},{"taxonomy":"post_tag","embeddable":true,"href":"https:\/\/2horizontes.com\/index.php?rest_route=%2Fwp%2Fv2%2Ftags&post=42244"}],"curies":[{"name":"wp","href":"https:\/\/api.w.org\/{rel}","templated":true}]}}