{"id":4224,"date":"2015-04-06T16:11:23","date_gmt":"2015-04-06T16:11:23","guid":{"rendered":"http:\/\/2horizontes.com\/?p=4224"},"modified":"2015-04-06T16:11:23","modified_gmt":"2015-04-06T16:11:23","slug":"una-faccion-islamica-secuestra-a-300-civiles-kurdos-en-el-norte-de-siria","status":"publish","type":"post","link":"https:\/\/2horizontes.com\/?p=4224","title":{"rendered":"Una facci\u00f3n isl\u00e1mica secuestra a 300 civiles kurdos en el norte de Siria"},"content":{"rendered":"<p><a href=\"http:\/\/2horizontes.com\/wp-content\/uploads\/2015\/04\/siria.jpg\"><img loading=\"lazy\" decoding=\"async\" class=\"alignright wp-image-4225 size-large\" src=\"http:\/\/2horizontes.com\/wp-content\/uploads\/2015\/04\/siria-510x338.jpg\" alt=\"siria\" width=\"510\" height=\"338\" srcset=\"https:\/\/2horizontes.com\/wp-content\/uploads\/2015\/04\/siria-510x338.jpg 510w, https:\/\/2horizontes.com\/wp-content\/uploads\/2015\/04\/siria-300x199.jpg 300w, https:\/\/2horizontes.com\/wp-content\/uploads\/2015\/04\/siria.jpg 603w\" sizes=\"auto, (max-width: 510px) 100vw, 510px\" \/><\/a><\/p>\n<p>Siria.-Un grupo armado isl\u00e1mico ha secuestrado hoy lunes a 300 civiles kurdos que se dirig\u00edan en autobuses desde Alepo, en el norte de Siria, a Damasco, ha informado el portavoz del Partido kurdo de la Uni\u00f3n Democr\u00e1tica (PYE), Nauaf Jalil.<\/p>\n<p>Jalil ha se\u00f1alado por tel\u00e9fono que, por el momento, no se sabe exactamente la identidad de los secuestradores, ya que en principio se pens\u00f3 que eran miembros del Frente al Nusra, filial siria de Al Qaeda, pero podr\u00edan ser integrantes del rebelde Ej\u00e9rcito del Islam. Ninguna organizaci\u00f3n ha asumido todav\u00eda la autor\u00eda esta acci\u00f3n.<\/p>\n<p>El portavoz ha agregado que los civiles hab\u00edan partido de la localidad de Afrin y fueron secuestrados a unos 20 kil\u00f3metros al oeste de la ciudad de Alepo y ha subrayado que se trata \u00abde un suceso muy grave\u00bb, aunque a\u00fan es preciso esclarecer las circunstancias del mismo. No es la primera vez que civiles kurdos son secuestrados en las proximidades de Alepo.<\/p>\n<p>El pasado mayo, unos 150 estudiantes kurdos sirios fueron tomados como rehenes por el grupo terrorista Estado Isl\u00e1mico (EI) cuando regresaban de Alepo a sus casas en Kobane, en el norte de la misma provincia, tras hacer los ex\u00e1menes finales. Fueron puestos en libertad por los radicales.<\/p>\n<p>Los kurdos suponen el 9% de los habitantes de Siria y viven sobre todo en Al Hasaka (noreste) y en las regiones de Afrin y Ain al Arab, en Alepo. En esos tres enclaves, los kurdos han declarado una Administraci\u00f3n interina propia, independiente del Gobierno central.<\/p>\n","protected":false},"excerpt":{"rendered":"<p>Siria.-Un grupo armado isl\u00e1mico ha secuestrado hoy lunes a 300 civiles kurdos que se dirig\u00edan en autobuses desde Alepo, en el norte de Siria, a Damasco, ha informado el portavoz del Partido kurdo de la Uni\u00f3n Democr\u00e1tica (PYE), Nauaf Jalil. Jalil ha se\u00f1alado por tel\u00e9fono que, por el momento, no se sabe exactamente la identidad [&hellip;]<\/p>\n","protected":false},"author":2,"featured_media":0,"comment_status":"open","ping_status":"open","sticky":false,"template":"","format":"standard","meta":{"footnotes":""},"categories":[1],"tags":[],"class_list":["post-4224","post","type-post","status-publish","format-standard","hentry","category-entretenimiento"],"_links":{"self":[{"href":"https:\/\/2horizontes.com\/index.php?rest_route=\/wp\/v2\/posts\/4224","targetHints":{"allow":["GET"]}}],"collection":[{"href":"https:\/\/2horizontes.com\/index.php?rest_route=\/wp\/v2\/posts"}],"about":[{"href":"https:\/\/2horizontes.com\/index.php?rest_route=\/wp\/v2\/types\/post"}],"author":[{"embeddable":true,"href":"https:\/\/2horizontes.com\/index.php?rest_route=\/wp\/v2\/users\/2"}],"replies":[{"embeddable":true,"href":"https:\/\/2horizontes.com\/index.php?rest_route=%2Fwp%2Fv2%2Fcomments&post=4224"}],"version-history":[{"count":1,"href":"https:\/\/2horizontes.com\/index.php?rest_route=\/wp\/v2\/posts\/4224\/revisions"}],"predecessor-version":[{"id":4226,"href":"https:\/\/2horizontes.com\/index.php?rest_route=\/wp\/v2\/posts\/4224\/revisions\/4226"}],"wp:attachment":[{"href":"https:\/\/2horizontes.com\/index.php?rest_route=%2Fwp%2Fv2%2Fmedia&parent=4224"}],"wp:term":[{"taxonomy":"category","embeddable":true,"href":"https:\/\/2horizontes.com\/index.php?rest_route=%2Fwp%2Fv2%2Fcategories&post=4224"},{"taxonomy":"post_tag","embeddable":true,"href":"https:\/\/2horizontes.com\/index.php?rest_route=%2Fwp%2Fv2%2Ftags&post=4224"}],"curies":[{"name":"wp","href":"https:\/\/api.w.org\/{rel}","templated":true}]}}