{"id":42167,"date":"2016-02-14T13:54:41","date_gmt":"2016-02-14T12:54:41","guid":{"rendered":"http:\/\/2horizontes.com\/?p=42167"},"modified":"2016-02-14T13:54:41","modified_gmt":"2016-02-14T12:54:41","slug":"jocelerme-privert-elegido-por-el-parlamento-como-presidente-interino-de-haiti","status":"publish","type":"post","link":"https:\/\/2horizontes.com\/?p=42167","title":{"rendered":"Jocelerme Privert elegido por el Parlamento como presidente interino de Hait\u00ed"},"content":{"rendered":"<div>El presidente del Senado de Hait\u00ed, Jocelerme Privert, de <b>62 a\u00f1os,<\/b> fue elegido presidente interino del pa\u00eds por el Parlamento durante una sesi\u00f3n en la madrugada del domingo transmitida en directo por la televisi\u00f3n.<\/div>\n<div><\/div>\n<div>Privert, quien fue seleccionado al cabo de una <b>segunda<\/b> votaci\u00f3n, sucede a <b>Michel Martelly,<\/b> que termin\u00f3 su mandato el <b>7 de febrero<\/b> pasado sin transmitir el poder a un sucesor, debido a la<b>suspensi\u00f3n <\/b>de la segunda vuelta de la elecci\u00f3n presidencial. Esto se debi\u00f3 a las <b>protestas<\/b> de la oposici\u00f3n que denunci\u00f3 <b>numerosos fraudes<\/b> en la primera vuelta.<\/div>\n<div><\/div>\n<div>\n<p>Privert era <b>uno de los tres<\/b> aspirantes al cargo, que implica servir como mediador en un gobierno interino que s\u00f3lo debe durar <b>120 d\u00edas,<\/b> hasta el <b>14 de mayo.<\/b><\/p>\n<p>Horas antes de ser elegido, Privert prometi\u00f3 que liderar\u00eda un gobierno provisional que \u00abreforzar\u00e1 la confianza en todos los sectores de la sociedad\u00bb.<\/p>\n<div id=\"2173627-Grande-1108454735_wrap\" class=\"embed_cont type_imagen\">\n<div id=\"2173627-Grande-1108454735_content\" class=\"embed_content\"><img decoding=\"async\" id=\"2173627-Grande-1108454735_embed\" src=\"http:\/\/cdn01.am.infobae.com\/adjuntos\/163\/imagenes\/014\/255\/0014255165.jpg?0000-00-00-00-00-00\" alt=\"\" \/><\/div>\n<div id=\"2173627-Grande-1108454735_epigrafe\" class=\"embed_epigrafe\"><\/div>\n<div id=\"2173627-Grande-1108454735_copyright\" class=\"embed_copyright\">AFP<\/div>\n<\/div>\n<p>El presidente interino aspira a reducir las divisiones pol\u00edticas que aplazaron la segunda vuelta de las elecciones presidenciales y legislativas, dejando al pa\u00eds sin un l\u00edder electo <b>ni un Parlamento completo.<\/b><\/p>\n<\/div>\n<div><\/div>\n<div>\n<p>Su principal rival durante la tensa jornada, el ex senador <b>Edgard Leblanc Fils,<\/b> del opositor Organizaci\u00f3n del Pueblo en Lucha (OPL), hab\u00eda logrado la victoria en una primera votaci\u00f3n realizada en la C\u00e1mara Baja pero Privert obtuvo el triunfo en el Senado, motivo por el que se debieron repetir las votaciones.<\/p>\n<p>El tercer aspirante, el independiente <b>Dejean Belizaire,<\/b> no consigui\u00f3 ni un voto en ninguna de las c\u00e1maras, aunque en la segunda votaci\u00f3n se hizo con dos.<\/p>\n<\/div>\n<div>Privert tuvo 13 apoyos de los 23 en el Senado frente a los diez de Leblanc, mientras que en la C\u00e1mara Baja consigui\u00f3 45 de los 92, frente a 46 que tuvo el ex senador. Y adem\u00e1s hubo un voto en blanco.<\/div>\n<div>En la segunda ronda de votaciones, ya entrada la madrugada, el nuevo presidente gan\u00f3 13-9 en el Senado, de 22 que depositaron su papeleta en la urna, y <b>64-24<\/b> en la C\u00e1mara de <b>Diputados.<\/b><\/div>\n<div><\/div>\n<div>\n<p>Frente a esta situaci\u00f3n, Martelly acord\u00f3 con Privert y con el titular de la C\u00e1mara de Diputados, Cholzer Chancy, los mecanismos para el establecimiento de un <b>gobierno transitorio.<\/b><\/p>\n<p>Ese acuerdo contempl\u00f3 que el s\u00e1bado fuera elegido un presidente interino que dirija las<b>elecciones<\/b> previstas para el pr\u00f3ximo <b>24 de abril,<\/b> y que le entregue el Gobierno a un mandatario leg\u00edtimo el <b>14 de mayo<\/b> pr\u00f3ximo.<\/div>\n<div><\/div>\n<div>\n<div id=\"2173631-Grande-2069796116_wrap\" class=\"embed_cont type_imagen\">\n<div id=\"2173631-Grande-2069796116_content\" class=\"embed_content\"><img decoding=\"async\" id=\"2173631-Grande-2069796116_embed\" src=\"http:\/\/cdn01.am.infobae.com\/adjuntos\/163\/imagenes\/014\/255\/0014255197.jpg?0000-00-00-00-00-00\" alt=\"\" \/><\/div>\n<div id=\"2173631-Grande-2069796116_epigrafe\" class=\"embed_epigrafe\"><\/div>\n<div id=\"2173631-Grande-2069796116_copyright\" class=\"embed_copyright\">Reuters<\/div>\n<\/div>\n<\/div>\n<div><\/div>\n<div><\/div>\n<div>\n<p><b>Algo in\u00e9dito<\/b><\/p>\n<p>\u00c9sta es la primera vez en <b>70 a\u00f1os<\/b> que el Parlamento haitiano vota para elegir un presidente del pa\u00eds, porque nunca antes se hab\u00eda producido un <b>vac\u00edo de poder<\/b> como el ocurrido en la \u00faltima semana.<\/p>\n<p>En sus palabras para defender su candidatura Privert dijo que su mayor prioridad durante los casi 100 d\u00edas que estar\u00e1 al frente de Hait\u00ed ser\u00e1 \u00abbuscar el <b>consenso\u00bb.<\/b><\/div>\n<div><\/div>\n<div>\n<p>El mandatario interino apel\u00f3 a su experiencia de 35 a\u00f1os como servidor p\u00fablico para poder dirigir con tino el pa\u00eds, y prometi\u00f3 respetar todos los puntos del <b>\u00abacuerdo de transici\u00f3n\u00bb<\/b> al que lleg\u00f3 con Martelly.<\/p>\n<p>Al acabar la segunda votaci\u00f3n, mediante papeletas en urnas, el presidente de la C\u00e1mara Baja hizo oficial la decisi\u00f3n y declar\u00f3 a Privert presidente provisional.<\/p>\n<p>La situaci\u00f3n de Hait\u00ed ha causado <b>preocupaci\u00f3n<\/b> en la comunidad <b>internacional,<\/b> que ha enviado varias misiones para contribuir a solucionar la crisis pol\u00edtica que amenaza seriamente las d\u00e9biles instituciones de la naci\u00f3n caribe\u00f1a.<\/p>\n<div id=\"2160413-Grande-915089014_wrap\" class=\"embed_cont type_imagen\">\n<div id=\"2160413-Grande-915089014_content\" class=\"embed_content\"><img decoding=\"async\" id=\"2160413-Grande-915089014_embed\" src=\"http:\/\/cdn01.am.infobae.com\/adjuntos\/163\/imagenes\/014\/140\/0014140824.jpg?0000-00-00-00-00-00\" alt=\"\" \/><\/div>\n<div id=\"2160413-Grande-915089014_epigrafe\" class=\"embed_epigrafe\"><\/div>\n<div id=\"2160413-Grande-915089014_copyright\" class=\"embed_copyright\">AFP<\/div>\n<\/div>\n<p>Una preocupaci\u00f3n acompa\u00f1ada por actos violentos pr\u00e1cticamente diarios y manifestaciones de la oposici\u00f3n.<\/p>\n<\/div>\n<div>Hait\u00ed ten\u00eda previsto realizar el 24 de enero pasado la segunda vuelta de las elecciones presidenciales, pero \u00e9stas fueron aplazadas <b>dos d\u00edas antes<\/b> por el Consejo Electoral Provisional debido al deterioro de la seguridad y las amenazas de muerte contra casi todos los miembros de ese organismo, que funciona con apenas dos integrantes.<\/div>\n<div><\/div>\n<div>\n<p>La primera ronda se hab\u00eda celebrado el 25 de octubre de 2015, cuando resultaron como los candidatos m\u00e1s votados el oficialista <b>Jovenel Moise<\/b> y el opositor <b>Jude Celestin,<\/b> quien rechaz\u00f3 esos resultados por considerarlos <b>fraudulentos.<\/b><\/p>\n<p>Celestin anunci\u00f3 que no acudir\u00eda a la segunda vuelta, prevista para el 27 de diciembre, lo que contribuy\u00f3 a que el CEP tomara la decisi\u00f3n, tambi\u00e9n en aquella ocasi\u00f3n, de suspender los comicios.<\/p><\/div>\n<div><\/div>\n<div>\n<div id=\"2173632-Grande-288729806_wrap\" class=\"embed_cont type_imagen\">\n<div id=\"2173632-Grande-288729806_content\" class=\"embed_content\"><img decoding=\"async\" id=\"2173632-Grande-288729806_embed\" src=\"http:\/\/cdn01.am.infobae.com\/adjuntos\/163\/imagenes\/014\/255\/0014255205.jpg?0000-00-00-00-00-00\" alt=\"\" \/><\/div>\n<div id=\"2173632-Grande-288729806_epigrafe\" class=\"embed_epigrafe\"><\/div>\n<div id=\"2173632-Grande-288729806_copyright\" class=\"embed_copyright\">Reuters<\/div>\n<\/div>\n<\/div>\n<p>&nbsp;<\/p>\n","protected":false},"excerpt":{"rendered":"<p>El presidente del Senado de Hait\u00ed, Jocelerme Privert, de 62 a\u00f1os, fue elegido presidente interino del pa\u00eds por el Parlamento durante una sesi\u00f3n en la madrugada del domingo transmitida en directo por la televisi\u00f3n. Privert, quien fue seleccionado al cabo de una segunda votaci\u00f3n, sucede a Michel Martelly, que termin\u00f3 su mandato el 7 de [&hellip;]<\/p>\n","protected":false},"author":7,"featured_media":42168,"comment_status":"open","ping_status":"open","sticky":false,"template":"","format":"standard","meta":{"footnotes":""},"categories":[47,40,43,83],"tags":[],"class_list":["post-42167","post","type-post","status-publish","format-standard","has-post-thumbnail","hentry","category-haiti","category-internacionales","category-politica","category-reportajes"],"_links":{"self":[{"href":"https:\/\/2horizontes.com\/index.php?rest_route=\/wp\/v2\/posts\/42167","targetHints":{"allow":["GET"]}}],"collection":[{"href":"https:\/\/2horizontes.com\/index.php?rest_route=\/wp\/v2\/posts"}],"about":[{"href":"https:\/\/2horizontes.com\/index.php?rest_route=\/wp\/v2\/types\/post"}],"author":[{"embeddable":true,"href":"https:\/\/2horizontes.com\/index.php?rest_route=\/wp\/v2\/users\/7"}],"replies":[{"embeddable":true,"href":"https:\/\/2horizontes.com\/index.php?rest_route=%2Fwp%2Fv2%2Fcomments&post=42167"}],"version-history":[{"count":2,"href":"https:\/\/2horizontes.com\/index.php?rest_route=\/wp\/v2\/posts\/42167\/revisions"}],"predecessor-version":[{"id":42170,"href":"https:\/\/2horizontes.com\/index.php?rest_route=\/wp\/v2\/posts\/42167\/revisions\/42170"}],"wp:featuredmedia":[{"embeddable":true,"href":"https:\/\/2horizontes.com\/index.php?rest_route=\/wp\/v2\/media\/42168"}],"wp:attachment":[{"href":"https:\/\/2horizontes.com\/index.php?rest_route=%2Fwp%2Fv2%2Fmedia&parent=42167"}],"wp:term":[{"taxonomy":"category","embeddable":true,"href":"https:\/\/2horizontes.com\/index.php?rest_route=%2Fwp%2Fv2%2Fcategories&post=42167"},{"taxonomy":"post_tag","embeddable":true,"href":"https:\/\/2horizontes.com\/index.php?rest_route=%2Fwp%2Fv2%2Ftags&post=42167"}],"curies":[{"name":"wp","href":"https:\/\/api.w.org\/{rel}","templated":true}]}}