{"id":42091,"date":"2016-02-13T16:16:18","date_gmt":"2016-02-13T15:16:18","guid":{"rendered":"http:\/\/2horizontes.com\/?p=42091"},"modified":"2016-02-13T16:16:18","modified_gmt":"2016-02-13T15:16:18","slug":"foro-penal-venezolano-pidio-ayudar-a-familiares-de-victimas-del-12f","status":"publish","type":"post","link":"https:\/\/2horizontes.com\/?p=42091","title":{"rendered":"Foro Penal Venezolano pidi\u00f3 ayudar a familiares de v\u00edctimas del 12F"},"content":{"rendered":"<p>El Foro Penal Venezolano (FPV) solicit\u00f3 a la Asamblea Nacional nombrar una comisi\u00f3n que se encargue de ayudar a las v\u00edctimas de la represi\u00f3n ocurrida en febrero de 2014.<\/p>\n<p>Alonso Medina Roa, miembro de la directiva de la ONG destac\u00f3 la importancia de la\u00a0\u00a0 Amnist\u00eda.<\/p>\n<p>\u201cDesde Foro Penal hemos hecho algunos trabajos con los familiares varios de los asesinados y torturados en 2014. Es necesario, sin duda alguna trabajar por la mejor Venezuela. El paso para lograr justicia es la Amnist\u00eda y nosotros trabajamos en funci\u00f3n de eso\u201d, expres\u00f3.<\/p>\n<p>Sostuvieron una reuni\u00f3n con los familiares de las v\u00edctimas este 12 de febrero en el sal\u00f3n Miranda de la Asamblea Nacional (AN), recordando los casos de \u00a0Bassil Da Costa, Geraldine Moreno, Robert Redman, Juancho Montoya, Jos\u00e9 Alejandro M\u00e1rquez, Kluibert Roa y otros que fallecieron en los hechos violentos.<\/p>\n<p>Luis Armando Betancourt, coordinador de Foro Penal en el estado Carabobo, pidi\u00f3 a la Asamblea Nacional designar una comisi\u00f3n para ayudar y escuchar a los familiares de las v\u00edctimas. \u201cNecesitamos hacer justicia, ma\u00f1ana o pasado, no importa cuanto tarde pero vamos a hacer justicia\u201d, prometi\u00f3.<\/p>\n","protected":false},"excerpt":{"rendered":"<p>El Foro Penal Venezolano (FPV) solicit\u00f3 a la Asamblea Nacional nombrar una comisi\u00f3n que se encargue de ayudar a las v\u00edctimas de la represi\u00f3n ocurrida en febrero de 2014. Alonso Medina Roa, miembro de la directiva de la ONG destac\u00f3 la importancia de la\u00a0\u00a0 Amnist\u00eda. \u201cDesde Foro Penal hemos hecho algunos trabajos con los familiares [&hellip;]<\/p>\n","protected":false},"author":13240,"featured_media":42092,"comment_status":"open","ping_status":"open","sticky":false,"template":"","format":"standard","meta":{"footnotes":""},"categories":[40,48],"tags":[],"class_list":["post-42091","post","type-post","status-publish","format-standard","has-post-thumbnail","hentry","category-internacionales","category-venezuela"],"_links":{"self":[{"href":"https:\/\/2horizontes.com\/index.php?rest_route=\/wp\/v2\/posts\/42091","targetHints":{"allow":["GET"]}}],"collection":[{"href":"https:\/\/2horizontes.com\/index.php?rest_route=\/wp\/v2\/posts"}],"about":[{"href":"https:\/\/2horizontes.com\/index.php?rest_route=\/wp\/v2\/types\/post"}],"author":[{"embeddable":true,"href":"https:\/\/2horizontes.com\/index.php?rest_route=\/wp\/v2\/users\/13240"}],"replies":[{"embeddable":true,"href":"https:\/\/2horizontes.com\/index.php?rest_route=%2Fwp%2Fv2%2Fcomments&post=42091"}],"version-history":[{"count":1,"href":"https:\/\/2horizontes.com\/index.php?rest_route=\/wp\/v2\/posts\/42091\/revisions"}],"predecessor-version":[{"id":42093,"href":"https:\/\/2horizontes.com\/index.php?rest_route=\/wp\/v2\/posts\/42091\/revisions\/42093"}],"wp:featuredmedia":[{"embeddable":true,"href":"https:\/\/2horizontes.com\/index.php?rest_route=\/wp\/v2\/media\/42092"}],"wp:attachment":[{"href":"https:\/\/2horizontes.com\/index.php?rest_route=%2Fwp%2Fv2%2Fmedia&parent=42091"}],"wp:term":[{"taxonomy":"category","embeddable":true,"href":"https:\/\/2horizontes.com\/index.php?rest_route=%2Fwp%2Fv2%2Fcategories&post=42091"},{"taxonomy":"post_tag","embeddable":true,"href":"https:\/\/2horizontes.com\/index.php?rest_route=%2Fwp%2Fv2%2Ftags&post=42091"}],"curies":[{"name":"wp","href":"https:\/\/api.w.org\/{rel}","templated":true}]}}