{"id":42089,"date":"2016-02-13T15:32:40","date_gmt":"2016-02-13T14:32:40","guid":{"rendered":"http:\/\/2horizontes.com\/?p=42089"},"modified":"2016-02-13T15:32:40","modified_gmt":"2016-02-13T14:32:40","slug":"jce-indagara-denuncia-uso-recursos-del-estado","status":"publish","type":"post","link":"https:\/\/2horizontes.com\/?p=42089","title":{"rendered":"JCE indagar\u00e1 denuncia uso recursos del Estado"},"content":{"rendered":"<div id=\"ArticleSourceDiv\" class=\"article-body-author\"><b>Santo Domingo<\/b><\/div>\n<div id=\"ArticleBody\">\n<p>La Junta Central Electoral (JCE) ha recibido tres denuncias de partidos pol\u00edticos de la oposici\u00f3n sobre el uso de fondos p\u00fablicos en la campa\u00f1a a la reelecci\u00f3n del presidente Danilo Medina y el Partido de la Liberaci\u00f3n Dominicana (PLD).<\/p>\n<p>Y lo que procede en lo adelante, seg\u00fan el presidente de la instituci\u00f3n, Roberto Rosario, es abrir un proceso de consulta con las dem\u00e1s organizaciones del sistema democr\u00e1tico, para luego llevar el tema al pleno de magistrados que tendr\u00e1 que tomar una decisi\u00f3n.<\/p>\n<p>Las dos \u00faltimas renuncias llegaron la ma\u00f1ana de ayer a la instituci\u00f3n electoral de manos de una comisi\u00f3n del Partido Revolucionario Moderno (PRM), que acusa a la campa\u00f1a del PLD de gastar 480 millones de pesos en publicidad durante el mes de enero.<\/p>\n<p>La otra lleg\u00f3 por Secretar\u00eda firmada por el diputado Vinicio Castillo, de la Fuerza Nacional Progresista (FNP), que acusa a Roberto Rodr\u00edguez Marchena, vocero de la Presidencia, de utilizar las cuentas en redes sociales del gobierno para descalificar a la oposici\u00f3n pol\u00edtica.<\/p>\n<p>El tuit, fechado la tarde del pasado jueves reza: \u201cLa oposici\u00f3n no tiene nada que buscar en el Sur\u201d, acompa\u00f1ado de tres fotograf\u00edas con los periodistas Altagracia Salazar, Franklin Guerrero y Elisa Mariot, luego de una entrevista en el programa matutino Enfoque Matinal, del canal 37.<\/p>\n<p>Guillermo Moreno y Alianza Pa\u00eds se quejaron previamente del supuesto gasto de 10 millones de pesos por d\u00eda en publicidad que tiene el gobierno, y pidi\u00f3 licencia en sus funciones al mandatario y a funcionarios del tren gubernamental que aspiran a posiciones electivas.<\/p>\n<p>Rosario dijo que la Junta se centrar\u00e1 en esas denuncias de uso de los recursos p\u00fablicos a partir del pr\u00f3ximo mi\u00e9rcoles, porque en lo inmediato deben resolver temas de gesti\u00f3n del proceso electoral en marcha. Dijo que notificar\u00e1n a todos los partidos las denuncias que hasta el momento han llegado para que emitan sus opiniones y luego el pleno de la instituci\u00f3n tome decisiones al respecto.<\/p>\n<p><strong>LAS ACUSACIONES Y LAS REACCIONES \u00a0\u00a0\u00a0\u00a0\u00a0\u00a0<\/strong><br \/>\nDenuncia parecida hizo el candidato presidencial del PRM, Luis Abinader, con el agravante de acusar a Danilo Medina de convertir al Palacio Nacional en el comando de campa\u00f1a de la reelecci\u00f3n, una acusaci\u00f3n que mereci\u00f3 el reproche de Jos\u00e9 Ram\u00f3n Peralta, ministro administrativo de la Presidencia, a quien no le gust\u00f3 mucho las aseveraciones de su opositor.<\/p>\n<p>El vocero de la Presidencia tambi\u00e9n ha descartado que est\u00e9n utilizando los recursos del Estado en la presente campa\u00f1a electoral.<\/p>\n<p>La campa\u00f1a electoral qued\u00f3 abierta formalmente el pasado 2 de febrero con la proclama de apertura de la Junta Central Electoral (JCE). Acogi\u00e9ndose a esa fecha, Rosario se\u00f1al\u00f3 durante la reuni\u00f3n con la comisi\u00f3n especial del PRM, integrada por Jes\u00fas V\u00e1squez Mart\u00ednez, Orlando Jorge Mera y Jos\u00e9 Marte Piantini, entre otros, que apenas est\u00e1 en sus comienzos la campa\u00f1a electoral por lo que a\u00fan hay mucho tiempo para abordar una serie de temas reclamados por algunas organizaciones pol\u00edticas.<\/p>\n<\/div>\n","protected":false},"excerpt":{"rendered":"<p>Santo Domingo La Junta Central Electoral (JCE) ha recibido tres denuncias de partidos pol\u00edticos de la oposici\u00f3n sobre el uso de fondos p\u00fablicos en la campa\u00f1a a la reelecci\u00f3n del presidente Danilo Medina y el Partido de la Liberaci\u00f3n Dominicana (PLD). Y lo que procede en lo adelante, seg\u00fan el presidente de la instituci\u00f3n, Roberto [&hellip;]<\/p>\n","protected":false},"author":13240,"featured_media":40068,"comment_status":"open","ping_status":"open","sticky":false,"template":"","format":"standard","meta":{"footnotes":""},"categories":[40,43,44],"tags":[],"class_list":["post-42089","post","type-post","status-publish","format-standard","has-post-thumbnail","hentry","category-internacionales","category-politica","category-republica-dominicana"],"_links":{"self":[{"href":"https:\/\/2horizontes.com\/index.php?rest_route=\/wp\/v2\/posts\/42089","targetHints":{"allow":["GET"]}}],"collection":[{"href":"https:\/\/2horizontes.com\/index.php?rest_route=\/wp\/v2\/posts"}],"about":[{"href":"https:\/\/2horizontes.com\/index.php?rest_route=\/wp\/v2\/types\/post"}],"author":[{"embeddable":true,"href":"https:\/\/2horizontes.com\/index.php?rest_route=\/wp\/v2\/users\/13240"}],"replies":[{"embeddable":true,"href":"https:\/\/2horizontes.com\/index.php?rest_route=%2Fwp%2Fv2%2Fcomments&post=42089"}],"version-history":[{"count":1,"href":"https:\/\/2horizontes.com\/index.php?rest_route=\/wp\/v2\/posts\/42089\/revisions"}],"predecessor-version":[{"id":42090,"href":"https:\/\/2horizontes.com\/index.php?rest_route=\/wp\/v2\/posts\/42089\/revisions\/42090"}],"wp:featuredmedia":[{"embeddable":true,"href":"https:\/\/2horizontes.com\/index.php?rest_route=\/wp\/v2\/media\/40068"}],"wp:attachment":[{"href":"https:\/\/2horizontes.com\/index.php?rest_route=%2Fwp%2Fv2%2Fmedia&parent=42089"}],"wp:term":[{"taxonomy":"category","embeddable":true,"href":"https:\/\/2horizontes.com\/index.php?rest_route=%2Fwp%2Fv2%2Fcategories&post=42089"},{"taxonomy":"post_tag","embeddable":true,"href":"https:\/\/2horizontes.com\/index.php?rest_route=%2Fwp%2Fv2%2Ftags&post=42089"}],"curies":[{"name":"wp","href":"https:\/\/api.w.org\/{rel}","templated":true}]}}