{"id":42032,"date":"2016-02-13T00:14:08","date_gmt":"2016-02-12T23:14:08","guid":{"rendered":"http:\/\/2horizontes.com\/?p=42032"},"modified":"2016-02-13T00:14:08","modified_gmt":"2016-02-12T23:14:08","slug":"papa-francisco-y-patriarca-ruso-llamaron-a-restablecer-unidad-del-cristianismo","status":"publish","type":"post","link":"https:\/\/2horizontes.com\/?p=42032","title":{"rendered":"Papa Francisco y patriarca ruso llamaron a restablecer unidad del cristianismo"},"content":{"rendered":"<p class=\"pg-dateline\"><span class=\"byline\">AFP<\/span><small class=\"timestamp\"><br \/>\n<\/small><\/p>\n<div class=\"mce-body mce\">\n<p>El papa Francisco y el patriarca ortodoxo ruso Kirill llamaron este jueves en La Habana a restablecer la unidad del cristianismo y convocaron a la comunidad internacional a tomar \u00abmedidas inmediatas\u00bb para proteger a los cristianos en Medio Oriente.<\/p>\n<p>\u00abLamentamos la p\u00e9rdida de la unidad\u00bb y \u00abconscientes de muchos obst\u00e1culos que hay que superar, esperamos que nuestro encuentro contribuya a la obtenci\u00f3n de la unidad\u00bb, se\u00f1alaron Francisco y Kirill en una declaraci\u00f3n conjunta, divulgada al t\u00e9rmino de la reuni\u00f3n, en la que tambi\u00e9n llamaron \u00aba la comunidad internacional a tomar medidas inmediatas para evitar un mayor desplazamiento de los cristianos de Oriente medio\u00bb.<\/p>\n<\/div>\n","protected":false},"excerpt":{"rendered":"<p>AFP El papa Francisco y el patriarca ortodoxo ruso Kirill llamaron este jueves en La Habana a restablecer la unidad del cristianismo y convocaron a la comunidad internacional a tomar \u00abmedidas inmediatas\u00bb para proteger a los cristianos en Medio Oriente. \u00abLamentamos la p\u00e9rdida de la unidad\u00bb y \u00abconscientes de muchos obst\u00e1culos que hay que superar, [&hellip;]<\/p>\n","protected":false},"author":13240,"featured_media":42033,"comment_status":"open","ping_status":"open","sticky":false,"template":"","format":"standard","meta":{"footnotes":""},"categories":[49,40,84],"tags":[],"class_list":["post-42032","post","type-post","status-publish","format-standard","has-post-thumbnail","hentry","category-cuba","category-internacionales","category-otras-noticias"],"_links":{"self":[{"href":"https:\/\/2horizontes.com\/index.php?rest_route=\/wp\/v2\/posts\/42032","targetHints":{"allow":["GET"]}}],"collection":[{"href":"https:\/\/2horizontes.com\/index.php?rest_route=\/wp\/v2\/posts"}],"about":[{"href":"https:\/\/2horizontes.com\/index.php?rest_route=\/wp\/v2\/types\/post"}],"author":[{"embeddable":true,"href":"https:\/\/2horizontes.com\/index.php?rest_route=\/wp\/v2\/users\/13240"}],"replies":[{"embeddable":true,"href":"https:\/\/2horizontes.com\/index.php?rest_route=%2Fwp%2Fv2%2Fcomments&post=42032"}],"version-history":[{"count":1,"href":"https:\/\/2horizontes.com\/index.php?rest_route=\/wp\/v2\/posts\/42032\/revisions"}],"predecessor-version":[{"id":42034,"href":"https:\/\/2horizontes.com\/index.php?rest_route=\/wp\/v2\/posts\/42032\/revisions\/42034"}],"wp:featuredmedia":[{"embeddable":true,"href":"https:\/\/2horizontes.com\/index.php?rest_route=\/wp\/v2\/media\/42033"}],"wp:attachment":[{"href":"https:\/\/2horizontes.com\/index.php?rest_route=%2Fwp%2Fv2%2Fmedia&parent=42032"}],"wp:term":[{"taxonomy":"category","embeddable":true,"href":"https:\/\/2horizontes.com\/index.php?rest_route=%2Fwp%2Fv2%2Fcategories&post=42032"},{"taxonomy":"post_tag","embeddable":true,"href":"https:\/\/2horizontes.com\/index.php?rest_route=%2Fwp%2Fv2%2Ftags&post=42032"}],"curies":[{"name":"wp","href":"https:\/\/api.w.org\/{rel}","templated":true}]}}