{"id":42007,"date":"2016-02-12T17:41:25","date_gmt":"2016-02-12T16:41:25","guid":{"rendered":"http:\/\/2horizontes.com\/?p=42007"},"modified":"2016-02-12T17:41:25","modified_gmt":"2016-02-12T16:41:25","slug":"raul-castro-y-el-patriarca-kiril-se-reunen-antes-de-encuentro-con-el-papa","status":"publish","type":"post","link":"https:\/\/2horizontes.com\/?p=42007","title":{"rendered":"Ra\u00fal Castro y el patriarca Kiril se re\u00fanen antes de encuentro con el papa"},"content":{"rendered":"<div id=\"ArticleAuthorDiv\" class=\"article-body-author\"><b>EFE<\/b><\/div>\n<div id=\"ArticleSourceDiv\" class=\"article-body-author\"><b>La Habana<\/b><\/div>\n<div id=\"ArticleBody\">\n<p>El presidente de Cuba, Ra\u00fal Castro, recibi\u00f3 hoy al patriarca ruso, Kiril, en el Palacio de la Revoluci\u00f3n de La Habana, horas antes del hist\u00f3rico encuentro con el papa Francisco en la capital cubana, el primero de los m\u00e1ximos l\u00edderes de las Iglesias cat\u00f3lica y ortodoxa en casi mil a\u00f1os de cisma.<\/p>\n<p>Antes de la reuni\u00f3n con Ra\u00fal Castro, que forma parte de la agenda de la visita oficial que Kiril cursa a la isla, el patriarca rindi\u00f3 tributo al pr\u00f3cer independentista cubano Jos\u00e9 Mart\u00ed con una ofrenda floral en el monumento situado en la emblem\u00e1tica Plaza de la Revoluci\u00f3n.<\/p>\n<p>El l\u00edder ortodoxo recorri\u00f3 tambi\u00e9n las salas del memorial dedicado al h\u00e9roe cubano, ubicado en la Plaza, y dej\u00f3 un mensaje en el libro de visitantes.<\/p>\n<p>La in\u00e9dita reuni\u00f3n del patriarca Kiril y el papa Francisco se prev\u00e9 dure unas dos horas y tendr\u00e1 lugar durante una breve escala del pont\u00edfice en su primer viaje como papa a M\u00e9xico.<\/p>\n<p>En su cuarta visita a Cuba, la primera como m\u00e1ximo l\u00edder de la Iglesia ortodoxa, Kiril visitar\u00e1 ma\u00f1ana una escuela para ni\u00f1os con necesidades especiales, viajar\u00e1 al Mausoleo del Soldado Internacionalista Sovi\u00e9tico, en las afueras de la capital, y asistir\u00e1 a un concierto en el teatro Mart\u00ed de la Habana Vieja.<\/p>\n<p>Al patriarca ruso se le conceder\u00e1 adem\u00e1s la \u00abOrden Jos\u00e9 Mart\u00ed\u00bb, la m\u00e1xima distinci\u00f3n que concede el Gobierno de la isla.<\/p>\n<p>Aunque no figura en el itinerario oficial del l\u00edder religioso, se prev\u00e9 que el patriarca ruso se re\u00fana tambi\u00e9n con el expresidente cubano Fidel Castro, de 89 a\u00f1os y retirado del poder desde 2006.<\/p>\n<p>La visita oficial de Kiril a la isla caribe\u00f1a se extender\u00e1 hasta el domingo, d\u00eda en que oficiar\u00e1 una liturgia en la Catedral de Nuestra Se\u00f1ora de Kaz\u00e1n, \u00fanico templo ortodoxo ruso en territorio cubano, donde hay unos 15.000 fieles.<\/p>\n<p>El propio Kiril viaj\u00f3 a Cuba en 2008 para la ceremonia de consagraci\u00f3n de esa catedral, aunque en aquel entonces lo hizo en calidad de metropolita, segundo en la jerarqu\u00eda de la Iglesia Ortodoxa Rusa.<\/p>\n<p>El viaje del patriarca ruso a Cuba es la primera parada de su segunda gira por Latinoam\u00e9rica, donde adem\u00e1s visitar\u00e1 Paraguay y Brasil, despu\u00e9s de que la anterior le llevara, adem\u00e1s de a la isla, a Venezuela y Costa Rica.<\/p>\n<\/div>\n","protected":false},"excerpt":{"rendered":"<p>EFE La Habana El presidente de Cuba, Ra\u00fal Castro, recibi\u00f3 hoy al patriarca ruso, Kiril, en el Palacio de la Revoluci\u00f3n de La Habana, horas antes del hist\u00f3rico encuentro con el papa Francisco en la capital cubana, el primero de los m\u00e1ximos l\u00edderes de las Iglesias cat\u00f3lica y ortodoxa en casi mil a\u00f1os de cisma. [&hellip;]<\/p>\n","protected":false},"author":7,"featured_media":42014,"comment_status":"open","ping_status":"open","sticky":false,"template":"","format":"standard","meta":{"footnotes":""},"categories":[49,40,43],"tags":[],"class_list":["post-42007","post","type-post","status-publish","format-standard","has-post-thumbnail","hentry","category-cuba","category-internacionales","category-politica"],"_links":{"self":[{"href":"https:\/\/2horizontes.com\/index.php?rest_route=\/wp\/v2\/posts\/42007","targetHints":{"allow":["GET"]}}],"collection":[{"href":"https:\/\/2horizontes.com\/index.php?rest_route=\/wp\/v2\/posts"}],"about":[{"href":"https:\/\/2horizontes.com\/index.php?rest_route=\/wp\/v2\/types\/post"}],"author":[{"embeddable":true,"href":"https:\/\/2horizontes.com\/index.php?rest_route=\/wp\/v2\/users\/7"}],"replies":[{"embeddable":true,"href":"https:\/\/2horizontes.com\/index.php?rest_route=%2Fwp%2Fv2%2Fcomments&post=42007"}],"version-history":[{"count":2,"href":"https:\/\/2horizontes.com\/index.php?rest_route=\/wp\/v2\/posts\/42007\/revisions"}],"predecessor-version":[{"id":42019,"href":"https:\/\/2horizontes.com\/index.php?rest_route=\/wp\/v2\/posts\/42007\/revisions\/42019"}],"wp:featuredmedia":[{"embeddable":true,"href":"https:\/\/2horizontes.com\/index.php?rest_route=\/wp\/v2\/media\/42014"}],"wp:attachment":[{"href":"https:\/\/2horizontes.com\/index.php?rest_route=%2Fwp%2Fv2%2Fmedia&parent=42007"}],"wp:term":[{"taxonomy":"category","embeddable":true,"href":"https:\/\/2horizontes.com\/index.php?rest_route=%2Fwp%2Fv2%2Fcategories&post=42007"},{"taxonomy":"post_tag","embeddable":true,"href":"https:\/\/2horizontes.com\/index.php?rest_route=%2Fwp%2Fv2%2Ftags&post=42007"}],"curies":[{"name":"wp","href":"https:\/\/api.w.org\/{rel}","templated":true}]}}