{"id":41942,"date":"2016-02-12T14:53:09","date_gmt":"2016-02-12T13:53:09","guid":{"rendered":"http:\/\/2horizontes.com\/?p=41942"},"modified":"2016-02-12T14:53:09","modified_gmt":"2016-02-12T13:53:09","slug":"la-oms-sabra-en-unas-semanas-si-el-zika-causa-microcefalia-y-el-sindrome-de-guillain-barre","status":"publish","type":"post","link":"https:\/\/2horizontes.com\/?p=41942","title":{"rendered":"La OMS sabr\u00e1 en unas semanas si el zika causa microcefalia y el s\u00edndrome de Guillain-Barr\u00e9"},"content":{"rendered":"<p>GINEBRA,(AFP) \u2013 La OMS sabr\u00e1 en unas semanas si el virus del Zika causa microcefalia y el s\u00edndrome de Guillain-Barr\u00e9, pero los ensayos cl\u00ednicos de vacunas a gran escala no deber\u00edan comenzar antes de por lo menos 18 meses. Unos 15 laboratorios y agencias de investigaci\u00f3n en todo el mundo trabajan actualmente en vacunas, seg\u00fan la subdirectora de la Organizaci\u00f3n Mundial de la Salud, la doctora Marie-Paule Kieny. Dos de estas vacunas parecen prometedoras: una desarrollada por el Instituto Nacional de Salud (INH) de Estados Unidos y otro por el laboratorio indio Bharat Biotech, explic\u00f3 en una rueda de prensa.<\/p>\n<p>\u201cA pesar de este paisaje alentador, no habr\u00e1 ensayos (cl\u00ednicos, NDLR) a gran escala de vacunas antes de por lo menos 18 meses\u201d, advirti\u00f3. La doctora Kieny tambi\u00e9n dijo que los expertos necesitar\u00e1n todav\u00eda entre cuatro y ocho semanas para establecer el papel que desempe\u00f1a el virus del Zika en la aparici\u00f3n de microcefalias entre los beb\u00e9s nacidos de madres infectadas y del s\u00edndrome neurol\u00f3gico de Guillain-Barr\u00e9 entre las personas picadas por el mosquito portador del virus.<\/p>\n<p>El virus del Zika, que golpea a Am\u00e9rica Latina y sobre todo a Brasil, es peligroso para las mujeres embarazadas porque ha sido asociado a casos de microcefalia entre los beb\u00e9s cuya madre fue infectada durante el embarazo pero tambi\u00e9n a un aumento de casos del s\u00edndrome de Guillain-Barr\u00e9 (una enfermedad neurol\u00f3gica), aunque por el momento no se ha podido probar cient\u00edficamente.. \u00a0AFP<\/p>\n","protected":false},"excerpt":{"rendered":"<p>GINEBRA,(AFP) \u2013 La OMS sabr\u00e1 en unas semanas si el virus del Zika causa microcefalia y el s\u00edndrome de Guillain-Barr\u00e9, pero los ensayos cl\u00ednicos de vacunas a gran escala no deber\u00edan comenzar antes de por lo menos 18 meses. Unos 15 laboratorios y agencias de investigaci\u00f3n en todo el mundo trabajan actualmente en vacunas, seg\u00fan [&hellip;]<\/p>\n","protected":false},"author":13240,"featured_media":15549,"comment_status":"open","ping_status":"open","sticky":false,"template":"","format":"standard","meta":{"footnotes":""},"categories":[86,40,45],"tags":[],"class_list":["post-41942","post","type-post","status-publish","format-standard","has-post-thumbnail","hentry","category-europa","category-internacionales","category-salud"],"_links":{"self":[{"href":"https:\/\/2horizontes.com\/index.php?rest_route=\/wp\/v2\/posts\/41942","targetHints":{"allow":["GET"]}}],"collection":[{"href":"https:\/\/2horizontes.com\/index.php?rest_route=\/wp\/v2\/posts"}],"about":[{"href":"https:\/\/2horizontes.com\/index.php?rest_route=\/wp\/v2\/types\/post"}],"author":[{"embeddable":true,"href":"https:\/\/2horizontes.com\/index.php?rest_route=\/wp\/v2\/users\/13240"}],"replies":[{"embeddable":true,"href":"https:\/\/2horizontes.com\/index.php?rest_route=%2Fwp%2Fv2%2Fcomments&post=41942"}],"version-history":[{"count":1,"href":"https:\/\/2horizontes.com\/index.php?rest_route=\/wp\/v2\/posts\/41942\/revisions"}],"predecessor-version":[{"id":41943,"href":"https:\/\/2horizontes.com\/index.php?rest_route=\/wp\/v2\/posts\/41942\/revisions\/41943"}],"wp:featuredmedia":[{"embeddable":true,"href":"https:\/\/2horizontes.com\/index.php?rest_route=\/wp\/v2\/media\/15549"}],"wp:attachment":[{"href":"https:\/\/2horizontes.com\/index.php?rest_route=%2Fwp%2Fv2%2Fmedia&parent=41942"}],"wp:term":[{"taxonomy":"category","embeddable":true,"href":"https:\/\/2horizontes.com\/index.php?rest_route=%2Fwp%2Fv2%2Fcategories&post=41942"},{"taxonomy":"post_tag","embeddable":true,"href":"https:\/\/2horizontes.com\/index.php?rest_route=%2Fwp%2Fv2%2Ftags&post=41942"}],"curies":[{"name":"wp","href":"https:\/\/api.w.org\/{rel}","templated":true}]}}