{"id":41811,"date":"2016-02-11T15:40:36","date_gmt":"2016-02-11T14:40:36","guid":{"rendered":"http:\/\/2horizontes.com\/?p=41811"},"modified":"2016-02-11T15:40:36","modified_gmt":"2016-02-11T14:40:36","slug":"mujer-golpea-a-su-hijo-de-dos-anos-hasta-dejarlo-agonizando-rd","status":"publish","type":"post","link":"https:\/\/2horizontes.com\/?p=41811","title":{"rendered":"Mujer golpea a su hijo de dos a\u00f1os hasta dejarlo  agonizando RD"},"content":{"rendered":"<div id=\"ArticleBody\">\n<p>RD- LA CIENAGA &#8211; La Fiscal\u00eda del Distrito Nacional solicit\u00f3 ayer prisi\u00f3n preventiva en contra de una mujer acusada de golpear a su hijo de dos a\u00f1os de edad hasta dejarlo en estado ag\u00f3nico, durante un hecho ocurrido en el barrio La Ci\u00e9naga, de esta capital.<\/p>\n<p>La solicitud de medida de coerci\u00f3n en contra de la imputada Kayrelis Arias Cepeda, fue presentada por ante el juzgado de Atenci\u00f3n Permanente del Distrito Nacional, cuya audiencia fue fijada para ma\u00f1ana a las 11 de la ma\u00f1ana.<\/p>\n<p>A la imputada quien se encuentra detenida en la c\u00e1rcel preventiva del Palacio de Justicia de Ciudad Nueva, se le acusa de violar los art\u00edculos 351-2 del C\u00f3digo Penal Dominicano y 396 literal A y 397 de la Ley 136-03.<\/p>\n<p>La denuncia de maltrato al menor, \u00a0cuyo nombre se omite por razones legales, fue presentada en contra de la imputada por ante el\u00a0 Departamento de Ni\u00f1ez, Adolescencia y Familia.<\/p>\n<p>De acuerdo a la solicitud del Ministerio P\u00fablico\u00a0 el pasado primero de febrero el menor fue trasladado por una t\u00eda, en estado ag\u00f3nico, a la Maternidad San Lorenzo de Los Mina, siendo referido posteriormente al Hospital Pedi\u00e1trico Hugo Mendoza donde permanece ingresado en la Unidad de Cuidados Intensivos.<\/p>\n<p>Sostiene que seg\u00fan consta en certificado m\u00e9dico, el ni\u00f1o result\u00f3 con varios traumas en distintas partes del cuerpo, perforaci\u00f3n de duodeno, hematoma pancre\u00e1tico, entre otras lesiones de pron\u00f3stico reservado.<\/p>\n<p>En la instancia de solicitud de medida de coerci\u00f3n firmada por la fiscal adjunta Daysi Garc\u00eda, se destaca que por la\u00a0 gran cantidad de golpes que presenta el menor, las investigaciones preliminares indican que su madre es la responsable de los mismos.<\/p>\n<p>La imputada reside en el sector La Ci\u00e9naga, donde varios vecinos ofrecieron declaraciones sobre el maltrato al que la imputada somete a su hijo.<\/p>\n<\/div>\n<div><\/div>\n<p>&nbsp;<\/p>\n","protected":false},"excerpt":{"rendered":"<p>RD- LA CIENAGA &#8211; La Fiscal\u00eda del Distrito Nacional solicit\u00f3 ayer prisi\u00f3n preventiva en contra de una mujer acusada de golpear a su hijo de dos a\u00f1os de edad hasta dejarlo en estado ag\u00f3nico, durante un hecho ocurrido en el barrio La Ci\u00e9naga, de esta capital. La solicitud de medida de coerci\u00f3n en contra de [&hellip;]<\/p>\n","protected":false},"author":8,"featured_media":35425,"comment_status":"open","ping_status":"open","sticky":false,"template":"","format":"standard","meta":{"footnotes":""},"categories":[44,45],"tags":[],"class_list":["post-41811","post","type-post","status-publish","format-standard","has-post-thumbnail","hentry","category-republica-dominicana","category-salud"],"_links":{"self":[{"href":"https:\/\/2horizontes.com\/index.php?rest_route=\/wp\/v2\/posts\/41811","targetHints":{"allow":["GET"]}}],"collection":[{"href":"https:\/\/2horizontes.com\/index.php?rest_route=\/wp\/v2\/posts"}],"about":[{"href":"https:\/\/2horizontes.com\/index.php?rest_route=\/wp\/v2\/types\/post"}],"author":[{"embeddable":true,"href":"https:\/\/2horizontes.com\/index.php?rest_route=\/wp\/v2\/users\/8"}],"replies":[{"embeddable":true,"href":"https:\/\/2horizontes.com\/index.php?rest_route=%2Fwp%2Fv2%2Fcomments&post=41811"}],"version-history":[{"count":1,"href":"https:\/\/2horizontes.com\/index.php?rest_route=\/wp\/v2\/posts\/41811\/revisions"}],"predecessor-version":[{"id":41813,"href":"https:\/\/2horizontes.com\/index.php?rest_route=\/wp\/v2\/posts\/41811\/revisions\/41813"}],"wp:featuredmedia":[{"embeddable":true,"href":"https:\/\/2horizontes.com\/index.php?rest_route=\/wp\/v2\/media\/35425"}],"wp:attachment":[{"href":"https:\/\/2horizontes.com\/index.php?rest_route=%2Fwp%2Fv2%2Fmedia&parent=41811"}],"wp:term":[{"taxonomy":"category","embeddable":true,"href":"https:\/\/2horizontes.com\/index.php?rest_route=%2Fwp%2Fv2%2Fcategories&post=41811"},{"taxonomy":"post_tag","embeddable":true,"href":"https:\/\/2horizontes.com\/index.php?rest_route=%2Fwp%2Fv2%2Ftags&post=41811"}],"curies":[{"name":"wp","href":"https:\/\/api.w.org\/{rel}","templated":true}]}}