{"id":41745,"date":"2016-02-11T01:03:53","date_gmt":"2016-02-11T00:03:53","guid":{"rendered":"http:\/\/2horizontes.com\/?p=41745"},"modified":"2016-02-11T01:03:53","modified_gmt":"2016-02-11T00:03:53","slug":"al-rededor-de-150-mil-personas-han-visto-mi-suegra-y-yo-rd","status":"publish","type":"post","link":"https:\/\/2horizontes.com\/?p=41745","title":{"rendered":"Al rededor de 150 mil personas han visto \u201cMi Suegra y Yo\u201d RD"},"content":{"rendered":"<p>RD- SANTO DOMINGO- El 2016 inici\u00f3 muy bien en t\u00e9rminos taquilleros en el cine dominicano. En su tercera semana en cartelera, la pel\u00edcula Mi Suegra y Yo, de Roberto \u00c1ngel Salcedo, ha atra\u00eddo m\u00e1s de 150 mil personas a las salas.As\u00ed lo inform\u00f3 ayer martes la productora Miranda Films, luego de recibir las cifras m\u00e1s recientes del corte el pasado domingo. \u201cEstamos sumamente complacidos de la respuesta del p\u00fablico\u201d, coment\u00f3 Salcedo luego que se conocieran las ventas de su producci\u00f3n m\u00e1s reciente.<\/p>\n<p>\u201cRealizamos estas pel\u00edculas con el deseo de que la familia dominicana pase un momento de diversi\u00f3n en el cine y creo que, una vez m\u00e1s, hemos logrado conectar con el p\u00fablico\u201d, agreg\u00f3 en un comunicado.<\/p>\n<p>Dirigida y protagonizada por Salcedo, la pel\u00edcula cuenta con un elenco estelar en el que participan Charyt\u00edn Goico, Manolo Ozuna, Cheddy Garc\u00eda, Tueska, Francisco Sanch\u00eds, Raeldo L\u00f3pez, Luis Manuel Aguil\u00f3, Isaura Taveras, Bol\u00edvar Valera y Hony Estrella.<\/p>\n<p>Mi Suegra y Yo se estren\u00f3 a nivel nacional este jueves 21 de enero. Esta producci\u00f3n representa la pel\u00edcula n\u00famero nueve de Roberto \u00c1ngel Salcedo, desde que debut\u00f3 en el cine en el 2006 con Un macho de mujer.<\/p>\n<p>El largometraje sigue en cartelera en todos los cines con varias tandas en cada uno de los complejos distribuidos en todo el pa\u00eds.<\/p>\n<p><strong>Sinopsis<\/strong><\/p>\n<p>El filme Mi Suegra y Yo cuenta la historia del amor entre Ernesto (Roberto \u00c1ngel) e Isabel (Hony Estrella) marcada por la presencia de la madre de esta, do\u00f1a Laura (Charytin Goyco).<\/p>\n<p>La suegra resulta ser avasallante desde el primer momento, imponiendo su criterio en la relaci\u00f3n de noviazgo de su hija, en la preparaci\u00f3n de la boda y posterior a ella con la llegada de todos (Incluidos la sirvienta y el chofer) a vivir a la casa de Ernesto e Isabel.<\/p>\n","protected":false},"excerpt":{"rendered":"<p>RD- SANTO DOMINGO- El 2016 inici\u00f3 muy bien en t\u00e9rminos taquilleros en el cine dominicano. En su tercera semana en cartelera, la pel\u00edcula Mi Suegra y Yo, de Roberto \u00c1ngel Salcedo, ha atra\u00eddo m\u00e1s de 150 mil personas a las salas.As\u00ed lo inform\u00f3 ayer martes la productora Miranda Films, luego de recibir las cifras m\u00e1s [&hellip;]<\/p>\n","protected":false},"author":8,"featured_media":41747,"comment_status":"open","ping_status":"open","sticky":false,"template":"","format":"standard","meta":{"footnotes":""},"categories":[1,44],"tags":[],"class_list":["post-41745","post","type-post","status-publish","format-standard","has-post-thumbnail","hentry","category-entretenimiento","category-republica-dominicana"],"_links":{"self":[{"href":"https:\/\/2horizontes.com\/index.php?rest_route=\/wp\/v2\/posts\/41745","targetHints":{"allow":["GET"]}}],"collection":[{"href":"https:\/\/2horizontes.com\/index.php?rest_route=\/wp\/v2\/posts"}],"about":[{"href":"https:\/\/2horizontes.com\/index.php?rest_route=\/wp\/v2\/types\/post"}],"author":[{"embeddable":true,"href":"https:\/\/2horizontes.com\/index.php?rest_route=\/wp\/v2\/users\/8"}],"replies":[{"embeddable":true,"href":"https:\/\/2horizontes.com\/index.php?rest_route=%2Fwp%2Fv2%2Fcomments&post=41745"}],"version-history":[{"count":1,"href":"https:\/\/2horizontes.com\/index.php?rest_route=\/wp\/v2\/posts\/41745\/revisions"}],"predecessor-version":[{"id":41750,"href":"https:\/\/2horizontes.com\/index.php?rest_route=\/wp\/v2\/posts\/41745\/revisions\/41750"}],"wp:featuredmedia":[{"embeddable":true,"href":"https:\/\/2horizontes.com\/index.php?rest_route=\/wp\/v2\/media\/41747"}],"wp:attachment":[{"href":"https:\/\/2horizontes.com\/index.php?rest_route=%2Fwp%2Fv2%2Fmedia&parent=41745"}],"wp:term":[{"taxonomy":"category","embeddable":true,"href":"https:\/\/2horizontes.com\/index.php?rest_route=%2Fwp%2Fv2%2Fcategories&post=41745"},{"taxonomy":"post_tag","embeddable":true,"href":"https:\/\/2horizontes.com\/index.php?rest_route=%2Fwp%2Fv2%2Ftags&post=41745"}],"curies":[{"name":"wp","href":"https:\/\/api.w.org\/{rel}","templated":true}]}}