{"id":41717,"date":"2016-02-11T00:03:32","date_gmt":"2016-02-10T23:03:32","guid":{"rendered":"http:\/\/2horizontes.com\/?p=41717"},"modified":"2016-02-11T00:03:32","modified_gmt":"2016-02-10T23:03:32","slug":"eeuu-y-cuba-tendran-segundo-dialogo-economico-en-washington-la-proxima-semana","status":"publish","type":"post","link":"https:\/\/2horizontes.com\/?p=41717","title":{"rendered":"EEUU y Cuba tendr\u00e1n segundo di\u00e1logo econ\u00f3mico en Washington la pr\u00f3xima semana"},"content":{"rendered":"<div id=\"ArticleAuthorDiv\" class=\"article-body-author\"><b>EFE<\/b><\/div>\n<div id=\"ArticleSourceDiv\" class=\"article-body-author\"><b>Washington<\/b><\/div>\n<div id=\"ArticleBody\">\n<p>Estados Unidos y Cuba celebrar\u00e1n el 17 y 18 de febrero en Washington una nueva ronda de su Di\u00e1logo Regulatorio, con la participaci\u00f3n de la secretaria de Comercio estadounidense, Penny Pritzker, y el ministro cubano Rodrigo Malmierca, inform\u00f3 hoy el Gobierno de EE.UU. en un comunicado.<\/p>\n<p>En el encuentro, donde tambi\u00e9n participar\u00e1n funcionarios del Tesoro y del Departamento de Estado, EE.UU. analizar\u00e1 \u00ablos cambios regulatorios aplicados el 27 de enero, que afectaron la exportaci\u00f3n y financiaci\u00f3n de ciertos bienes y servicios autorizados por Cuba y los retos identificados por las empresas estadounidenses con negocios en Cuba\u00bb.<\/p>\n<p>Seg\u00fan la nota, la delegaci\u00f3n cubana abordar\u00e1 las partes relevantes para el sistema econ\u00f3mico \u00ablas partes relevantes para el sistema econ\u00f3mico cubano, incluida la importaci\u00f3n de bienes y servicios y las transacciones financieras\u00bb.<\/p>\n<p>Por su lado, Malmierca comenzar\u00e1 su visita a Washington, la primera de un ministro de Comercio cubano a EE.UU. en d\u00e9cadas, el 16 de febrero, cuando ofrecer\u00e1 una conferencia sobre las relaciones econ\u00f3micas bilaterales en la C\u00e1mara de Comercio de Estados Unidos.<\/p>\n<p>Pritzker remarc\u00f3 que esta segunda ronda de conversaciones \u00abes otra oportunidad para trabajar directamente con nuestros colegas cubanos para entender mejor la manera en la que nuestros Gobiernos y econom\u00edas pueden trabajar conjuntamente en apoyo del pueblo cubano\u00bb.<\/p>\n<p>Este foro fue inaugurado por la secretaria de Comercio estadounidense en su primera visita a La Habana el pasado octubre.<\/p>\n<p>Asimismo, el secretario del Tesoro, Jack Lew, afirm\u00f3 que \u00abnuestras sucesivas acciones para enmendar las Regulaciones de Control de Activos Cubanos est\u00e1n dando m\u00e1s poder a los cubanos\u00bb.<\/p>\n<p>A finales de enero, EE.UU. anunci\u00f3 nuevas relajaciones a las restricciones que siguen afectando a las exportaciones y viajes a Cuba, en el marco del acercamiento bilateral iniciado hace poco m\u00e1s de un a\u00f1o entre los presidentes Barack Obama y Ra\u00fal Castro.<\/p>\n<p>Aunque Obama ha tomado medidas ejecutivas para flexibilizar los viajes y algunas transacciones comerciales, el levantamiento completo del embargo comercial depende del Congreso de EE.UU., controlado hoy en su totalidad por la oposici\u00f3n republicana, que rechaza mayoritariamente su eliminaci\u00f3n.<\/p>\n<p>Durante su \u00faltimo discurso sobre el Estado de la Uni\u00f3n, pronunciado el pasado 12 de enero, Obama inst\u00f3 de nuevo al Congreso a reconocer que \u00abla Guerra Fr\u00eda ha terminado\u00bb con el levantamiento del embargo a Cuba.<\/p>\n<p>El Gobierno de Estados Unidos espera ahora m\u00e1s acciones de parte del r\u00e9gimen cubano para programar una posible visita de Obama a la isla este a\u00f1o.<\/p>\n<\/div>\n","protected":false},"excerpt":{"rendered":"<p>EFE Washington Estados Unidos y Cuba celebrar\u00e1n el 17 y 18 de febrero en Washington una nueva ronda de su Di\u00e1logo Regulatorio, con la participaci\u00f3n de la secretaria de Comercio estadounidense, Penny Pritzker, y el ministro cubano Rodrigo Malmierca, inform\u00f3 hoy el Gobierno de EE.UU. en un comunicado. En el encuentro, donde tambi\u00e9n participar\u00e1n funcionarios [&hellip;]<\/p>\n","protected":false},"author":13240,"featured_media":41718,"comment_status":"open","ping_status":"open","sticky":false,"template":"","format":"standard","meta":{"footnotes":""},"categories":[49,40,43],"tags":[],"class_list":["post-41717","post","type-post","status-publish","format-standard","has-post-thumbnail","hentry","category-cuba","category-internacionales","category-politica"],"_links":{"self":[{"href":"https:\/\/2horizontes.com\/index.php?rest_route=\/wp\/v2\/posts\/41717","targetHints":{"allow":["GET"]}}],"collection":[{"href":"https:\/\/2horizontes.com\/index.php?rest_route=\/wp\/v2\/posts"}],"about":[{"href":"https:\/\/2horizontes.com\/index.php?rest_route=\/wp\/v2\/types\/post"}],"author":[{"embeddable":true,"href":"https:\/\/2horizontes.com\/index.php?rest_route=\/wp\/v2\/users\/13240"}],"replies":[{"embeddable":true,"href":"https:\/\/2horizontes.com\/index.php?rest_route=%2Fwp%2Fv2%2Fcomments&post=41717"}],"version-history":[{"count":1,"href":"https:\/\/2horizontes.com\/index.php?rest_route=\/wp\/v2\/posts\/41717\/revisions"}],"predecessor-version":[{"id":41719,"href":"https:\/\/2horizontes.com\/index.php?rest_route=\/wp\/v2\/posts\/41717\/revisions\/41719"}],"wp:featuredmedia":[{"embeddable":true,"href":"https:\/\/2horizontes.com\/index.php?rest_route=\/wp\/v2\/media\/41718"}],"wp:attachment":[{"href":"https:\/\/2horizontes.com\/index.php?rest_route=%2Fwp%2Fv2%2Fmedia&parent=41717"}],"wp:term":[{"taxonomy":"category","embeddable":true,"href":"https:\/\/2horizontes.com\/index.php?rest_route=%2Fwp%2Fv2%2Fcategories&post=41717"},{"taxonomy":"post_tag","embeddable":true,"href":"https:\/\/2horizontes.com\/index.php?rest_route=%2Fwp%2Fv2%2Ftags&post=41717"}],"curies":[{"name":"wp","href":"https:\/\/api.w.org\/{rel}","templated":true}]}}