{"id":41705,"date":"2016-02-10T23:32:24","date_gmt":"2016-02-10T22:32:24","guid":{"rendered":"http:\/\/2horizontes.com\/?p=41705"},"modified":"2016-02-10T23:33:29","modified_gmt":"2016-02-10T22:33:29","slug":"primera-dominicana-fallera-de-honor-en-valencia-dona-rufina","status":"publish","type":"post","link":"https:\/\/2horizontes.com\/?p=41705","title":{"rendered":"Primera  dominicana fallera  de honor en Valencia Do\u00f1a Rufina"},"content":{"rendered":"<p><iframe loading=\"lazy\" width=\"960\" height=\"540\" src=\"https:\/\/www.youtube.com\/embed\/U-861RbYD_8?feature=oembed\" frameborder=\"0\" allowfullscreen><\/iframe><\/p>\n<div id=\"watch-description-text\" class=\"\">\n<p id=\"eow-description\">Investigando sobre la historia de los dominicanos en la Comunidad Valenciana y especificamente en Valencia Capital, el Consulado de la Rep\u00fablica Dominicana, quiere traerle este interesante documental.<br \/>\nDo\u00f1a Rufina Paulino, (Do\u00f1a Fina), dominicana de origen y nacimiento, se traslad\u00f3 en el a\u00f1o 1960, junto a su esposo a Espa\u00f1a, precisamente a Valencia, donde hizo vida com\u00fan con los habitantes de uno de los barrios tradicionales de la ciudad.<\/p>\n<p>Por sus dotes morales y su belleza, fue elegida Fallera de Honor en las fiestas llamadas Fallas, celebraci\u00f3n tradicional y \u00fanica en el mundo, que se celebran todos los a\u00f1os del d\u00eda 1 de Marzo al 19 del mismo mes.<\/p>\n<p>Esta fiesta, tiene sus or\u00edgenes en un homenaje a los obreros y artesanos representados por San Jos\u00e9, precisamente, por esta raz\u00f3n concluyen el 19 de Marzo.<\/p>\n<p>Veamos y escuchemos las experiencias de esta dominicana, que seg\u00fan nuestras investigaciones, fue la primera quisqueyana en ser electa Fallera de Honor.<\/p>\n<p>Este trabajo, fue realizado en el mes de Enero del a\u00f1o 2016, gracias a la colaboraci\u00f3n del Se\u00f1or Jaison Blanco, Francisco Mota Gil, Reineiery Garc\u00eda y Manuel Ballester, a quienes el Consulado de la Rep\u00fablica Dominicana en Valencia, manifiesta su gratitud.<\/p>\n<\/div>\n","protected":false},"excerpt":{"rendered":"<p>Investigando sobre la historia de los dominicanos en la Comunidad Valenciana y especificamente en Valencia Capital, el Consulado de la Rep\u00fablica Dominicana, quiere traerle este interesante documental. Do\u00f1a Rufina Paulino, (Do\u00f1a Fina), dominicana de origen y nacimiento, se traslad\u00f3 en el a\u00f1o 1960, junto a su esposo a Espa\u00f1a, precisamente a Valencia, donde hizo vida [&hellip;]<\/p>\n","protected":false},"author":1,"featured_media":41707,"comment_status":"open","ping_status":"open","sticky":false,"template":"","format":"standard","meta":{"footnotes":""},"categories":[62,54,1,83],"tags":[],"class_list":["post-41705","post","type-post","status-publish","format-standard","has-post-thumbnail","hentry","category-cultura","category-emigrantes","category-entretenimiento","category-reportajes"],"_links":{"self":[{"href":"https:\/\/2horizontes.com\/index.php?rest_route=\/wp\/v2\/posts\/41705","targetHints":{"allow":["GET"]}}],"collection":[{"href":"https:\/\/2horizontes.com\/index.php?rest_route=\/wp\/v2\/posts"}],"about":[{"href":"https:\/\/2horizontes.com\/index.php?rest_route=\/wp\/v2\/types\/post"}],"author":[{"embeddable":true,"href":"https:\/\/2horizontes.com\/index.php?rest_route=\/wp\/v2\/users\/1"}],"replies":[{"embeddable":true,"href":"https:\/\/2horizontes.com\/index.php?rest_route=%2Fwp%2Fv2%2Fcomments&post=41705"}],"version-history":[{"count":2,"href":"https:\/\/2horizontes.com\/index.php?rest_route=\/wp\/v2\/posts\/41705\/revisions"}],"predecessor-version":[{"id":41709,"href":"https:\/\/2horizontes.com\/index.php?rest_route=\/wp\/v2\/posts\/41705\/revisions\/41709"}],"wp:featuredmedia":[{"embeddable":true,"href":"https:\/\/2horizontes.com\/index.php?rest_route=\/wp\/v2\/media\/41707"}],"wp:attachment":[{"href":"https:\/\/2horizontes.com\/index.php?rest_route=%2Fwp%2Fv2%2Fmedia&parent=41705"}],"wp:term":[{"taxonomy":"category","embeddable":true,"href":"https:\/\/2horizontes.com\/index.php?rest_route=%2Fwp%2Fv2%2Fcategories&post=41705"},{"taxonomy":"post_tag","embeddable":true,"href":"https:\/\/2horizontes.com\/index.php?rest_route=%2Fwp%2Fv2%2Ftags&post=41705"}],"curies":[{"name":"wp","href":"https:\/\/api.w.org\/{rel}","templated":true}]}}