{"id":41691,"date":"2016-02-10T16:23:49","date_gmt":"2016-02-10T15:23:49","guid":{"rendered":"http:\/\/2horizontes.com\/?p=41691"},"modified":"2016-02-10T16:23:49","modified_gmt":"2016-02-10T15:23:49","slug":"avanza-a-pasos-jigantes-la-extension-de-linea-2b-del-metro-rd","status":"publish","type":"post","link":"https:\/\/2horizontes.com\/?p=41691","title":{"rendered":"Avanza  a pasos jigantes la extensi\u00f3n de l\u00ednea 2B del Metro RD"},"content":{"rendered":"<p>RD- SANTO DOMINGO-Los trabajos en la extensi\u00f3n de la L\u00ednea 2B del Metro y el Telef\u00e9rico de Santo Domingo avanzan hacia las fases m\u00e1s fundamentales de su construcci\u00f3n.<br \/>\nEl imponente puente sobre el r\u00edo Ozama se prepara para ser empalmado en abril, mes en que ser\u00e1 puesto a prueba, mientras el Telef\u00e9rico pr\u00f3ximamente tendr\u00e1 levantada la primera columna que junto a otros pilares sostendr\u00e1n el cableado del primer sistema de transporte a\u00e9reo masivo de la Rep\u00fablica Dominicana.<\/p>\n<p>En el Bulevar de la avenida Los Restauradores, de Sabana Perdida, en Santo Domingo Norte, se realizan excavaciones para erigir una gigantesca columna de acero, para proceder en las pr\u00f3ximas semanas a la colocaci\u00f3n del hormig\u00f3n y posteriormente al montaje del pilar.<\/p>\n<p>En la actualidad, parte del bulevar de la principal v\u00eda de acceso al populoso sector de Sabana Perdida se encuentra rodeado de hojas de zinc, como forma de prevenci\u00f3n, lo que ha resultado en la reducci\u00f3n de la calzada vehicular.<\/p>\n<p>De acuerdo a una fuente confiable, la estaci\u00f3n ubicada en Los Cerros de Sabana Perdida contar\u00e1 con dos pilares. Igualmente, en los terrenos donde se construir\u00e1 una de las cuatro estaciones del Telef\u00e9rico se trabaja en el relleno y nivelaci\u00f3n de tierra.<\/p>\n<p>En tanto, en la estaci\u00f3n Gualey, situada pr\u00f3ximo al Puente Francisco del Rosario S\u00e1nchez, la construcci\u00f3n de un t\u00fanel que enlazar\u00e1 con la estaci\u00f3n Eduardo Brito de la L\u00ednea 2B del Metro tom\u00f3 forma.<\/p>\n<p>elCaribe trat\u00f3 de obtener una versi\u00f3n oficial de la obra en construcci\u00f3n a trav\u00e9s de la Unidad Ejecutora para la Readecuaci\u00f3n de la Barquita y Entornos (Urbe), pero su director, Jos\u00e9 Miguel Gonz\u00e1lez Cuadra, se encuentra en el extranjero.<br \/>\nMientras que el subdirector de la Oficina para el Reordenamiento del Transporte (Opret), Leonel Carrasco, ofreci\u00f3 algunos detalles de la construcci\u00f3n de la L\u00ednea 2B del Metro.<\/p>\n<p>\u201cEl empalme se va a realizar en el medio del r\u00edo. Nuestra ruta cr\u00edtica siempre ha sido el puente. Es un proceso que avanza lentamente. Tenemos estimado para abril empalmarlo si las circunstancias y el tiempo nos favorecen\u201d, subray\u00f3.<br \/>\nAsegur\u00f3 que las estaciones avanzan de acuerdo a lo planeado, y explic\u00f3 que se colocan los rieles, ya empalmados, dentro del t\u00fanel.<\/p>\n","protected":false},"excerpt":{"rendered":"<p>RD- SANTO DOMINGO-Los trabajos en la extensi\u00f3n de la L\u00ednea 2B del Metro y el Telef\u00e9rico de Santo Domingo avanzan hacia las fases m\u00e1s fundamentales de su construcci\u00f3n. El imponente puente sobre el r\u00edo Ozama se prepara para ser empalmado en abril, mes en que ser\u00e1 puesto a prueba, mientras el Telef\u00e9rico pr\u00f3ximamente tendr\u00e1 levantada [&hellip;]<\/p>\n","protected":false},"author":8,"featured_media":41692,"comment_status":"open","ping_status":"open","sticky":false,"template":"","format":"standard","meta":{"footnotes":""},"categories":[44],"tags":[],"class_list":["post-41691","post","type-post","status-publish","format-standard","has-post-thumbnail","hentry","category-republica-dominicana"],"_links":{"self":[{"href":"https:\/\/2horizontes.com\/index.php?rest_route=\/wp\/v2\/posts\/41691","targetHints":{"allow":["GET"]}}],"collection":[{"href":"https:\/\/2horizontes.com\/index.php?rest_route=\/wp\/v2\/posts"}],"about":[{"href":"https:\/\/2horizontes.com\/index.php?rest_route=\/wp\/v2\/types\/post"}],"author":[{"embeddable":true,"href":"https:\/\/2horizontes.com\/index.php?rest_route=\/wp\/v2\/users\/8"}],"replies":[{"embeddable":true,"href":"https:\/\/2horizontes.com\/index.php?rest_route=%2Fwp%2Fv2%2Fcomments&post=41691"}],"version-history":[{"count":1,"href":"https:\/\/2horizontes.com\/index.php?rest_route=\/wp\/v2\/posts\/41691\/revisions"}],"predecessor-version":[{"id":41693,"href":"https:\/\/2horizontes.com\/index.php?rest_route=\/wp\/v2\/posts\/41691\/revisions\/41693"}],"wp:featuredmedia":[{"embeddable":true,"href":"https:\/\/2horizontes.com\/index.php?rest_route=\/wp\/v2\/media\/41692"}],"wp:attachment":[{"href":"https:\/\/2horizontes.com\/index.php?rest_route=%2Fwp%2Fv2%2Fmedia&parent=41691"}],"wp:term":[{"taxonomy":"category","embeddable":true,"href":"https:\/\/2horizontes.com\/index.php?rest_route=%2Fwp%2Fv2%2Fcategories&post=41691"},{"taxonomy":"post_tag","embeddable":true,"href":"https:\/\/2horizontes.com\/index.php?rest_route=%2Fwp%2Fv2%2Ftags&post=41691"}],"curies":[{"name":"wp","href":"https:\/\/api.w.org\/{rel}","templated":true}]}}