{"id":41682,"date":"2016-02-10T16:09:30","date_gmt":"2016-02-10T15:09:30","guid":{"rendered":"http:\/\/2horizontes.com\/?p=41682"},"modified":"2016-02-10T16:09:30","modified_gmt":"2016-02-10T15:09:30","slug":"el-exvocero-de-hipolito-mejia-hector-guzman-vuelve-hoy-al-prd","status":"publish","type":"post","link":"https:\/\/2horizontes.com\/?p=41682","title":{"rendered":"El exvocero de Hip\u00f3lito Mej\u00eda, H\u00e9ctor Guzm\u00e1n, vuelve hoy al PRD"},"content":{"rendered":"<p>RD- SANTO DOMINGO-El Partido Revolucionario Dominicano (PRD) juramentar\u00e1 esta tarde a H\u00e9ctor Guzm\u00e1n,\u00a0 quien renunci\u00f3 del Partido Revolucionario Moderno (PRM) disgustado por el trato que habr\u00eda recibido en el partido que ayud\u00f3 a fundar.<\/p>\n<p>El exvocero del expresidente Hip\u00f3lito Mej\u00eda ser\u00e1 juramentado por el presidente del PRD, Miguel Vargas Maldonado, junto a otros dirigentes del Proyecto Presidencial Hip\u00f3lito (PPH). Con el regreso de Guzm\u00e1n a su vieja casa, el PRD contin\u00faa recibiendo dirigentes que hab\u00edan salido de ese partido para fundar el PRM.<\/p>\n<p>La pasada semana volvi\u00f3 el exsenador de Valverde, Yayo Mat\u00edas, quien renunci\u00f3 del PRM por disgustos por la candidatura.<\/p>\n<p>El 23 de noviembre del pasado a\u00f1o, mediante una carta dirigida al presidente del PRM, Andr\u00e9s Bautista, Guzm\u00e1n present\u00f3 <a href=\"http:\/\/www.elcaribe.com.do\/2015\/11\/24\/hector-guzman-renuncio-del-prm-porque-negaron-candidatura\">formal renuncia<\/a> a su cargo como vicepresidente de esa organizaci\u00f3n.<\/p>\n<p>&nbsp;<\/p>\n","protected":false},"excerpt":{"rendered":"<p>RD- SANTO DOMINGO-El Partido Revolucionario Dominicano (PRD) juramentar\u00e1 esta tarde a H\u00e9ctor Guzm\u00e1n,\u00a0 quien renunci\u00f3 del Partido Revolucionario Moderno (PRM) disgustado por el trato que habr\u00eda recibido en el partido que ayud\u00f3 a fundar. El exvocero del expresidente Hip\u00f3lito Mej\u00eda ser\u00e1 juramentado por el presidente del PRD, Miguel Vargas Maldonado, junto a otros dirigentes del [&hellip;]<\/p>\n","protected":false},"author":8,"featured_media":41684,"comment_status":"open","ping_status":"open","sticky":false,"template":"","format":"standard","meta":{"footnotes":""},"categories":[43,44],"tags":[],"class_list":["post-41682","post","type-post","status-publish","format-standard","has-post-thumbnail","hentry","category-politica","category-republica-dominicana"],"_links":{"self":[{"href":"https:\/\/2horizontes.com\/index.php?rest_route=\/wp\/v2\/posts\/41682","targetHints":{"allow":["GET"]}}],"collection":[{"href":"https:\/\/2horizontes.com\/index.php?rest_route=\/wp\/v2\/posts"}],"about":[{"href":"https:\/\/2horizontes.com\/index.php?rest_route=\/wp\/v2\/types\/post"}],"author":[{"embeddable":true,"href":"https:\/\/2horizontes.com\/index.php?rest_route=\/wp\/v2\/users\/8"}],"replies":[{"embeddable":true,"href":"https:\/\/2horizontes.com\/index.php?rest_route=%2Fwp%2Fv2%2Fcomments&post=41682"}],"version-history":[{"count":1,"href":"https:\/\/2horizontes.com\/index.php?rest_route=\/wp\/v2\/posts\/41682\/revisions"}],"predecessor-version":[{"id":41685,"href":"https:\/\/2horizontes.com\/index.php?rest_route=\/wp\/v2\/posts\/41682\/revisions\/41685"}],"wp:featuredmedia":[{"embeddable":true,"href":"https:\/\/2horizontes.com\/index.php?rest_route=\/wp\/v2\/media\/41684"}],"wp:attachment":[{"href":"https:\/\/2horizontes.com\/index.php?rest_route=%2Fwp%2Fv2%2Fmedia&parent=41682"}],"wp:term":[{"taxonomy":"category","embeddable":true,"href":"https:\/\/2horizontes.com\/index.php?rest_route=%2Fwp%2Fv2%2Fcategories&post=41682"},{"taxonomy":"post_tag","embeddable":true,"href":"https:\/\/2horizontes.com\/index.php?rest_route=%2Fwp%2Fv2%2Ftags&post=41682"}],"curies":[{"name":"wp","href":"https:\/\/api.w.org\/{rel}","templated":true}]}}