{"id":41679,"date":"2016-02-10T15:57:26","date_gmt":"2016-02-10T14:57:26","guid":{"rendered":"http:\/\/2horizontes.com\/?p=41679"},"modified":"2016-02-10T15:57:26","modified_gmt":"2016-02-10T14:57:26","slug":"vaguada-provocara-lluvias-debiles-en-algunas-provincias-rd","status":"publish","type":"post","link":"https:\/\/2horizontes.com\/?p=41679","title":{"rendered":"Vaguada provocar\u00e1 lluvias d\u00e9biles en algunas provincias RD"},"content":{"rendered":"<div id=\"ArticleBody\">\n<p>RD- SANTO DOMINGO-Una vaguada frontal localizada sobre la porci\u00f3n occidental de Hait\u00ed, casi estacionaria, unida a la humedad provocada por el arrastre del viento del este\/sureste, ocasionar\u00e1 lluvias d\u00e9biles y dispersas sobre las provincias de Montecristi, Santiago Rodr\u00edguez, Dajab\u00f3n, Valverde, Santiago, Puerto Plata, Monse\u00f1or Nouel y La Vega.<\/p>\n<p>No obstante, la Oficina Nacional de Meteorolog\u00eda (Onamet) inform\u00f3 que sobre el territorio nacional prevalecer\u00e1 un cielo de nubes dispersas en la ma\u00f1ana con incrementos nubosos mayormente en la tarde y la noche hacia los sectores de las regiones noroeste y norte.<\/p>\n<p>Para el jueves y el viernes se espera un cielo generalmente nublado, por la vaguada frontal que estar\u00e1 sobre el pa\u00eds, y la ocurrencia de lluvias d\u00e9biles a moderadas en ocasiones durante la tarde hasta las primeras horas de la noche, principalmente hacia las regiones norte,\u00a0 noreste, sureste y la Cordillera Central.<\/p>\n<p>En cuanto a las temperaturas, estar\u00e1n ligeramente calurosas durante el d\u00eda, siendo agradables en la madrugada en zonas de monta\u00f1as.<\/p>\n<p>La Onamet recomend\u00f3 a las fr\u00e1giles y peque\u00f1as embarcaciones de la costa atl\u00e1ntica, navegar con precauci\u00f3n cerca del per\u00edmetro costero y no aventurarse mar adentro debido a olas anormales.<\/p>\n<p><strong>Pron\u00f3sticos locales:<\/strong><\/p>\n<p>En el Distrito Nacional y la provincia Santo Domingo habr\u00e1 nubes dispersas a medio nublado, con incrementos nubosos y lluvias d\u00e9biles en la tarde.<\/p>\n<p>En el Gran Santo Domingo, la temperatura m\u00e1xima estar\u00e1 entre 29\u00baC y 31\u00baC\u00a0 y la m\u00ednima entre 21\u00baC y 23\u00baC.<\/p>\n<\/div>\n<div><\/div>\n<p>&nbsp;<\/p>\n","protected":false},"excerpt":{"rendered":"<p>RD- SANTO DOMINGO-Una vaguada frontal localizada sobre la porci\u00f3n occidental de Hait\u00ed, casi estacionaria, unida a la humedad provocada por el arrastre del viento del este\/sureste, ocasionar\u00e1 lluvias d\u00e9biles y dispersas sobre las provincias de Montecristi, Santiago Rodr\u00edguez, Dajab\u00f3n, Valverde, Santiago, Puerto Plata, Monse\u00f1or Nouel y La Vega. No obstante, la Oficina Nacional de Meteorolog\u00eda [&hellip;]<\/p>\n","protected":false},"author":8,"featured_media":41680,"comment_status":"open","ping_status":"open","sticky":false,"template":"","format":"standard","meta":{"footnotes":""},"categories":[53,44],"tags":[],"class_list":["post-41679","post","type-post","status-publish","format-standard","has-post-thumbnail","hentry","category-provincias","category-republica-dominicana"],"_links":{"self":[{"href":"https:\/\/2horizontes.com\/index.php?rest_route=\/wp\/v2\/posts\/41679","targetHints":{"allow":["GET"]}}],"collection":[{"href":"https:\/\/2horizontes.com\/index.php?rest_route=\/wp\/v2\/posts"}],"about":[{"href":"https:\/\/2horizontes.com\/index.php?rest_route=\/wp\/v2\/types\/post"}],"author":[{"embeddable":true,"href":"https:\/\/2horizontes.com\/index.php?rest_route=\/wp\/v2\/users\/8"}],"replies":[{"embeddable":true,"href":"https:\/\/2horizontes.com\/index.php?rest_route=%2Fwp%2Fv2%2Fcomments&post=41679"}],"version-history":[{"count":1,"href":"https:\/\/2horizontes.com\/index.php?rest_route=\/wp\/v2\/posts\/41679\/revisions"}],"predecessor-version":[{"id":41681,"href":"https:\/\/2horizontes.com\/index.php?rest_route=\/wp\/v2\/posts\/41679\/revisions\/41681"}],"wp:featuredmedia":[{"embeddable":true,"href":"https:\/\/2horizontes.com\/index.php?rest_route=\/wp\/v2\/media\/41680"}],"wp:attachment":[{"href":"https:\/\/2horizontes.com\/index.php?rest_route=%2Fwp%2Fv2%2Fmedia&parent=41679"}],"wp:term":[{"taxonomy":"category","embeddable":true,"href":"https:\/\/2horizontes.com\/index.php?rest_route=%2Fwp%2Fv2%2Fcategories&post=41679"},{"taxonomy":"post_tag","embeddable":true,"href":"https:\/\/2horizontes.com\/index.php?rest_route=%2Fwp%2Fv2%2Ftags&post=41679"}],"curies":[{"name":"wp","href":"https:\/\/api.w.org\/{rel}","templated":true}]}}