{"id":41562,"date":"2016-02-09T18:10:21","date_gmt":"2016-02-09T17:10:21","guid":{"rendered":"http:\/\/2horizontes.com\/?p=41562"},"modified":"2016-02-09T18:10:21","modified_gmt":"2016-02-09T17:10:21","slug":"se-cumplen-hoy-50-anos-de-masacre-de-estudiantes-frente-al-palacio-rd","status":"publish","type":"post","link":"https:\/\/2horizontes.com\/?p=41562","title":{"rendered":"Se cumplen hoy 50 a\u00f1os de masacre de estudiantes frente al Palacio RD"},"content":{"rendered":"<p>El 9 de febrero de 1966 est\u00e1 inscrito en la historia dominicana como el d\u00eda en que las fuerzas represivas del Estado ametrallaron y dieron muerte a 4 estudiantes e hirieron a otros 40 en la parte frontal del Palacio Nacional.Los estudiantes, abrazados al Movimiento Renovador que dominaba la UASD, reclamaba al gobierno de H\u00e9ctor Garc\u00eda Godoy el respeto a la autonom\u00eda de la academia adquirida en diciembre de 1961, un presupuesto de medio mill\u00f3n de pesos y el reconocimiento oficial al Consejo Universitario Provisional, ten\u00edan tres d\u00edas bajando desde la academia por las calles de Gascue hasta llegar al Palacio Nacional.<\/p>\n<p>Eran tiempos dif\u00edciles para el pa\u00eds debido a la resistencia de un grupo de militares anti constitucionalistas de salir del pa\u00eds, como se hab\u00eda acordado con los constitucionalistas para poner fin a la guerra de abril de 1965, bajo el alegato de que las Fuerzas Armadas se debilitar\u00edan y el comunismo se apoderar\u00eda del pa\u00eds.<\/p>\n<p>Huelgas laborales, como las de los empleados de la Compa\u00f1\u00eda Dominicana de Tel\u00e9fonos y del Sindicato de Trabajadores de Arrimo Independientes, eran reprimidas por el Ej\u00e9rcito, la Polic\u00eda y las tropas de ocupaci\u00f3n amparadas en la Fuerza Interamericana de Paz.<\/p>\n<p>De acuerdo a las cr\u00f3nicas de elCaribe, la ma\u00f1ana del 9 de febrero, contingentes policiales apostados en los patios del frente al Palacio Nacional, as\u00ed como miembros de la guardia presidencial, abrieron fuego contra los estudiantes, resultando muertos Antonio Santos M\u00e9ndez, Miguel Tolentino y Luis Jim\u00e9nez.<br \/>\nLa adolescente de apenas 14 a\u00f1os Amelia Ricart Calventi muri\u00f3 un mes despu\u00e9s en una cl\u00ednica de Estados Unidos.<\/p>\n<p>El presidente de la Federaci\u00f3n de Estudiantes Dominicanos (FED) de entonces, Am\u00edn Abel Hasb\u00fan, dijo en rueda de prensa que los estudiantes solo reclamaban el derecho a educarse, ya que desde el mes de septiembre de 1965 a la UASD no le entregaban las asignaciones.<\/p>\n<p>La matanza de los estudiantes desemboc\u00f3 en una huelga general que oblig\u00f3 a Garc\u00eda Godoy a introducir cambios en las Fuerzas Armadas y la Polic\u00eda Nacional, as\u00ed como a forzar la salida de decenas de militares del pa\u00eds.<\/p>\n<p><strong>Garc\u00eda Godoy admite los militares no le obedecen<\/strong><\/p>\n<p>Tras la represi\u00f3n que dej\u00f3 4 estudiantes muertos y unos 40 heridos, el presidente provisional H\u00e9ctor Garc\u00eda Godoy dijo que no hab\u00eda condiciones para investigar, identificar y llevar a la justicia a los militares responsables. As\u00ed lo revel\u00f3 a la prensa Am\u00edn Abel Hasb\u00fan, luego de reunirse con Garc\u00eda Godoy, quien le habr\u00eda dicho que \u201clos militares no me obedecen\u201d.<\/p>\n<p>&nbsp;<\/p>\n","protected":false},"excerpt":{"rendered":"<p>El 9 de febrero de 1966 est\u00e1 inscrito en la historia dominicana como el d\u00eda en que las fuerzas represivas del Estado ametrallaron y dieron muerte a 4 estudiantes e hirieron a otros 40 en la parte frontal del Palacio Nacional.Los estudiantes, abrazados al Movimiento Renovador que dominaba la UASD, reclamaba al gobierno de H\u00e9ctor [&hellip;]<\/p>\n","protected":false},"author":8,"featured_media":41563,"comment_status":"open","ping_status":"open","sticky":false,"template":"","format":"standard","meta":{"footnotes":""},"categories":[55,43,44],"tags":[],"class_list":["post-41562","post","type-post","status-publish","format-standard","has-post-thumbnail","hentry","category-educacion","category-politica","category-republica-dominicana"],"_links":{"self":[{"href":"https:\/\/2horizontes.com\/index.php?rest_route=\/wp\/v2\/posts\/41562","targetHints":{"allow":["GET"]}}],"collection":[{"href":"https:\/\/2horizontes.com\/index.php?rest_route=\/wp\/v2\/posts"}],"about":[{"href":"https:\/\/2horizontes.com\/index.php?rest_route=\/wp\/v2\/types\/post"}],"author":[{"embeddable":true,"href":"https:\/\/2horizontes.com\/index.php?rest_route=\/wp\/v2\/users\/8"}],"replies":[{"embeddable":true,"href":"https:\/\/2horizontes.com\/index.php?rest_route=%2Fwp%2Fv2%2Fcomments&post=41562"}],"version-history":[{"count":1,"href":"https:\/\/2horizontes.com\/index.php?rest_route=\/wp\/v2\/posts\/41562\/revisions"}],"predecessor-version":[{"id":41564,"href":"https:\/\/2horizontes.com\/index.php?rest_route=\/wp\/v2\/posts\/41562\/revisions\/41564"}],"wp:featuredmedia":[{"embeddable":true,"href":"https:\/\/2horizontes.com\/index.php?rest_route=\/wp\/v2\/media\/41563"}],"wp:attachment":[{"href":"https:\/\/2horizontes.com\/index.php?rest_route=%2Fwp%2Fv2%2Fmedia&parent=41562"}],"wp:term":[{"taxonomy":"category","embeddable":true,"href":"https:\/\/2horizontes.com\/index.php?rest_route=%2Fwp%2Fv2%2Fcategories&post=41562"},{"taxonomy":"post_tag","embeddable":true,"href":"https:\/\/2horizontes.com\/index.php?rest_route=%2Fwp%2Fv2%2Ftags&post=41562"}],"curies":[{"name":"wp","href":"https:\/\/api.w.org\/{rel}","templated":true}]}}