{"id":41557,"date":"2016-02-09T17:47:37","date_gmt":"2016-02-09T16:47:37","guid":{"rendered":"http:\/\/2horizontes.com\/?p=41557"},"modified":"2016-02-09T17:47:37","modified_gmt":"2016-02-09T16:47:37","slug":"fallece-sixto-butten-el-menordomoex-comediante-del-show-de-luisito-y-anthony-rd","status":"publish","type":"post","link":"https:\/\/2horizontes.com\/?p=41557","title":{"rendered":"Fallece Sixto Butten, el \u201cMenordomo\u201dex comediante del show de luisito y anthony RD"},"content":{"rendered":"<p>RD- SANTO DOMINGO-Sixto Butten, quien fuera comediante de \u201cEl Show de Luisito y Anthony\u201d, conocido como el \u201cMenordomo\u201d, fue encontrado muerto este lunes en su residencia en Los Mina.Seg\u00fan informes aun no confirmados, Butten, de 54 a\u00f1os, falleci\u00f3 a causa de un paro card\u00edaco.<\/p>\n<p>El cad\u00e1ver de Butten permaneci\u00f3 largo tiempo en el piso de su habitaci\u00f3n, a espera de que las autoridades y el m\u00e9dico legista llegaran al lugar.<\/p>\n<p>\u201cEl hombre no se mide de la cabeza hacia abajo, sino de la cabeza hacia arriba\u201d, manifest\u00f3 Butten durante una entrevista que le realizara hace unos a\u00f1os F\u00e9lix Vinicio Lora.<\/p>\n<p>Sixto estuvo en un proceso de rehabilitaci\u00f3n por adici\u00f3n a las drogas a\u00f1os atr\u00e1s. Dijo que sufri\u00f3 mucho el abandono de los amigos, aunque \u201cencontr\u00f3 el apoyo en su familia y en Dios\u201d.<\/p>\n<p>En las redes sociales, varios comediantes lamentaron el deceso de el \u201cMenordomo\u201d, quien \u00faltimamente se dedicaba a la pintura tras no volver a conseguir trabajo en ning\u00fan cuadro de comedia de televisi\u00f3n.<\/p>\n<p>&nbsp;<\/p>\n","protected":false},"excerpt":{"rendered":"<p>RD- SANTO DOMINGO-Sixto Butten, quien fuera comediante de \u201cEl Show de Luisito y Anthony\u201d, conocido como el \u201cMenordomo\u201d, fue encontrado muerto este lunes en su residencia en Los Mina.Seg\u00fan informes aun no confirmados, Butten, de 54 a\u00f1os, falleci\u00f3 a causa de un paro card\u00edaco. El cad\u00e1ver de Butten permaneci\u00f3 largo tiempo en el piso de [&hellip;]<\/p>\n","protected":false},"author":8,"featured_media":41560,"comment_status":"open","ping_status":"open","sticky":false,"template":"","format":"standard","meta":{"footnotes":""},"categories":[56,44],"tags":[],"class_list":["post-41557","post","type-post","status-publish","format-standard","has-post-thumbnail","hentry","category-notas-luctuosas","category-republica-dominicana"],"_links":{"self":[{"href":"https:\/\/2horizontes.com\/index.php?rest_route=\/wp\/v2\/posts\/41557","targetHints":{"allow":["GET"]}}],"collection":[{"href":"https:\/\/2horizontes.com\/index.php?rest_route=\/wp\/v2\/posts"}],"about":[{"href":"https:\/\/2horizontes.com\/index.php?rest_route=\/wp\/v2\/types\/post"}],"author":[{"embeddable":true,"href":"https:\/\/2horizontes.com\/index.php?rest_route=\/wp\/v2\/users\/8"}],"replies":[{"embeddable":true,"href":"https:\/\/2horizontes.com\/index.php?rest_route=%2Fwp%2Fv2%2Fcomments&post=41557"}],"version-history":[{"count":1,"href":"https:\/\/2horizontes.com\/index.php?rest_route=\/wp\/v2\/posts\/41557\/revisions"}],"predecessor-version":[{"id":41561,"href":"https:\/\/2horizontes.com\/index.php?rest_route=\/wp\/v2\/posts\/41557\/revisions\/41561"}],"wp:featuredmedia":[{"embeddable":true,"href":"https:\/\/2horizontes.com\/index.php?rest_route=\/wp\/v2\/media\/41560"}],"wp:attachment":[{"href":"https:\/\/2horizontes.com\/index.php?rest_route=%2Fwp%2Fv2%2Fmedia&parent=41557"}],"wp:term":[{"taxonomy":"category","embeddable":true,"href":"https:\/\/2horizontes.com\/index.php?rest_route=%2Fwp%2Fv2%2Fcategories&post=41557"},{"taxonomy":"post_tag","embeddable":true,"href":"https:\/\/2horizontes.com\/index.php?rest_route=%2Fwp%2Fv2%2Ftags&post=41557"}],"curies":[{"name":"wp","href":"https:\/\/api.w.org\/{rel}","templated":true}]}}